{"id":11230,"date":"2024-05-28T08:00:00","date_gmt":"2024-05-28T06:00:00","guid":{"rendered":"https:\/\/www.gringo-logbuch.de\/?p=11230"},"modified":"2024-05-27T17:32:08","modified_gmt":"2024-05-27T15:32:08","slug":"gringos-in-erlangen-alle-signierstunden-und-panels","status":"publish","type":"post","link":"https:\/\/www.gringo-logbuch.de\/?p=11230","title":{"rendered":"Gringos in Erlangen: Alle Signierstunden und Panels"},"content":{"rendered":"<div class=\"wp-block-image\">\n<figure class=\"aligncenter size-full\"><a href=\"https:\/\/www.gringo-logbuch.de\/wp-content\/uploads\/2024\/05\/gringo_comic_salon.jpg\"><img loading=\"lazy\" decoding=\"async\" width=\"2000\" height=\"1122\" src=\"https:\/\/www.gringo-logbuch.de\/wp-content\/uploads\/2024\/05\/gringo_comic_salon.jpg\" alt=\"\" class=\"wp-image-11184\" srcset=\"https:\/\/www.gringo-logbuch.de\/wp-content\/uploads\/2024\/05\/gringo_comic_salon.jpg 2000w, https:\/\/www.gringo-logbuch.de\/wp-content\/uploads\/2024\/05\/gringo_comic_salon-300x168.jpg 300w, https:\/\/www.gringo-logbuch.de\/wp-content\/uploads\/2024\/05\/gringo_comic_salon-1024x574.jpg 1024w, https:\/\/www.gringo-logbuch.de\/wp-content\/uploads\/2024\/05\/gringo_comic_salon-768x431.jpg 768w, https:\/\/www.gringo-logbuch.de\/wp-content\/uploads\/2024\/05\/gringo_comic_salon-1536x862.jpg 1536w, https:\/\/www.gringo-logbuch.de\/wp-content\/uploads\/2024\/05\/gringo_comic_salon-500x281.jpg 500w\" sizes=\"auto, (max-width: 2000px) 100vw, 2000px\" \/><\/a><\/figure>\n<\/div>\n\n\n<p>Am Donnerstag beginnt erneut die gr\u00f6\u00dfte Veranstaltung der deutschsprachigen Comic-Szene, der <em>Internationale Comic-Salon Erlangen<\/em>. Wir sind nat\u00fcrlich wieder mit einem Stand auf der Messe vertreten, ihr findet uns ganz zentral und wie gewohnt im Hauptzelt A am Stand A27. Wir haben sechs tolle Neuheiten im Gep\u00e4ck, die wir euch w\u00e4hrend diverser Signierstunden mit kleinen Zeichnungen veredeln werden. Anwesende und signierende Zeichner sind Holger Bommer, Haggi, Rudolph Perez, Bela Sobottke, Jazze, Thomas Baehr und Sebastian Sommer. Jo84 und Geier werden sporadisch bei uns am Stand anzutreffen sein. Stephan Hagenow ist zwar nicht pers\u00f6nlich anwesend, hat aber in seinem unnachahmlichen Arbeitseifer dutzende von B\u00fcchern vorab signiert, die wir nat\u00fcrlich alle dabei haben werden.<\/p>\n\n\n\n<p>Hier pr\u00e4sentieren wir euch gesammelt alle Gringo-Termine als handliche Checkliste. Los geht&#8217;s:<\/p>\n\n\n\n<h1 class=\"wp-block-heading has-text-align-center has-white-color has-luminous-vivid-orange-background-color has-text-color has-background has-link-color wp-elements-38496fc0bbade1de66272f66ada55ed9\">Signierstunden<\/h1>\n\n\n\n<p class=\"has-text-align-center\"><strong>\u2022 Donnerstag, 30. Mai 2024 \u2022<\/strong><\/p>\n\n\n\n<ul class=\"wp-block-list\">\n<li>13:00-14:00 Rudolph Perez<\/li>\n\n\n\n<li>14:00-15:00 Thomas Baehr<\/li>\n\n\n\n<li>15:00-16:00 Sebastian Sommer, Holger Bommer<\/li>\n\n\n\n<li>16:00-17:30 Jazze<\/li>\n\n\n\n<li>17:30-18:30 Haggi, Bela Sobottke<\/li>\n<\/ul>\n\n\n\n<p class=\"has-text-align-center\"><strong>\u2022 Freitag, 31. Mai 2024 \u2022<\/strong><\/p>\n\n\n\n<ul class=\"wp-block-list\">\n<li>10:00-12:00 Holger Bommer<\/li>\n\n\n\n<li>12:00-13:30 Bela Sobottke, Haggi<\/li>\n\n\n\n<li>13:30-15:00 Thomas Baehr<\/li>\n\n\n\n<li>15:00-16:00 Bela Sobottke, Holger Bommer<\/li>\n\n\n\n<li>16:00-17:30 Haggi, Sebastian Sommer<\/li>\n\n\n\n<li>17:30-18:30 Jazze, Rudolph Perez<\/li>\n<\/ul>\n\n\n\n<p class=\"has-text-align-center\"><strong>\u2022 Samstag, 01. Juni 2024 \u2022<\/strong><\/p>\n\n\n\n<ul class=\"wp-block-list\">\n<li>10:00-12:00 Holger Bommer<\/li>\n\n\n\n<li>12:00-13:30 Rudolph Perez, Bela Sobottke <\/li>\n\n\n\n<li>13:30-15:00 Haggi, Sebastian Sommer<\/li>\n\n\n\n<li>15:00-16:00 Holger Bommer,Jazze<\/li>\n\n\n\n<li>16:00-17:30 Haggi, Thomas Baehr<\/li>\n\n\n\n<li>17:30-18:30 Sebastian Sommer, Bela Sobottke<\/li>\n<\/ul>\n\n\n\n<p class=\"has-text-align-center\"><strong>\u2022 Sonntag, 02. Juni 2024 \u2022<\/strong><\/p>\n\n\n\n<ul class=\"wp-block-list\">\n<li>10:00-12:00 Thomas Baehr<\/li>\n\n\n\n<li>12:00-13:30 Holger Bommer<\/li>\n\n\n\n<li>13:30-15:00 Sebastian Sommer<\/li>\n\n\n\n<li>15:00-16:00 Holger Bommer<\/li>\n<\/ul>\n\n\n\n<h1 class=\"wp-block-heading has-text-align-center has-white-color has-luminous-vivid-orange-background-color has-text-color has-background has-link-color wp-elements-8ed6de2108ed6ea1a51e5adf6d352c30\">Panels<\/h1>\n\n\n\n<p class=\"has-text-align-center\"><strong>\u2022 Donnerstag, 30. Mai 2024 \u2022<\/strong><\/p>\n\n\n\n<ul class=\"wp-block-list\">\n<li>17:00-18:00 <a href=\"https:\/\/www.comic-salon.de\/de\/spruehende-phantasie\" target=\"_blank\" rel=\"noreferrer noopener\">Spr\u00fchende Phantasie<\/a> &#8211; Arne Schielzeth im Gespr\u00e4ch mit Holger Bommer und Joachim Guhde; Ort: Kollegienhaus, KH 1.013<\/li>\n<\/ul>\n\n\n\n<p class=\"has-text-align-center\"><strong>\u2022 Freitag,31. Mai 2024 \u2022<\/strong><\/p>\n\n\n\n<ul class=\"wp-block-list\">\n<li>16:30-17:00 <a href=\"https:\/\/www.comic-salon.de\/de\/der-kleinverlagsgipfel-deutsche-indieverlage-stellen-sich-vor\" target=\"_blank\" rel=\"noreferrer noopener\">Der Kleinverlagsgipfel<\/a> &#8211; Interview Delfinium Prints Intoxicated &amp; Gringo Comics, Ort: Kollegienhaus, KH 1.013<\/li>\n\n\n\n<li>18:00-19:00 <a href=\"https:\/\/www.comic-salon.de\/de\/der-kleinverlagsgipfel-deutsche-indieverlage-stellen-sich-vor\" target=\"_blank\" rel=\"noreferrer noopener\">Der Kleinverlagsgipfel<\/a> &#8211; Satus Quo der Kleinverlage \u2013 Wie gut geht es den Indies?<br>Gespr\u00e4ch mit Holger Bommer, Josua Dantes, David F\u00fcleki, Levin Kurio und Sebastian Schwarzbold; Moderation: Andreas Prill; Ort: Kollegienhaus, KH 1.013<\/li>\n<\/ul>\n\n\n\n<p class=\"has-text-align-center\"><strong>\u2022 Samstag, 01. Juni 2024 \u2022<\/strong><\/p>\n\n\n\n<ul class=\"wp-block-list\">\n<li>17:00-18:00 <a href=\"https:\/\/www.comic-salon.de\/de\/meet-greet-der-ausstellung-gringo-comics-praesentiert-40-jahre-jo84-und-die-spruehende-phantasie\" target=\"_blank\" rel=\"noreferrer noopener\">Meet &amp; Greet in der Ausstellung \u201eGringo Comics pr\u00e4sentiert: 40 Jahre Jo84 und die Spr\u00fchende Phantasie\u201c<\/a>; Ort: Ladengalerie Friedrichstr. 28<\/li>\n<\/ul>\n\n\n\n<p class=\"has-text-align-center\"><strong>\u2022 Sonntag, 02. Juni 2024 \u2022<\/strong><\/p>\n\n\n\n<ul class=\"wp-block-list\">\n<li>14:00-15:00 <a href=\"https:\/\/www.comic-salon.de\/de\/zehn-jahre-comic-foerderung-deutschland-eine-kritische-zwischenbilanz\" target=\"_blank\" rel=\"noreferrer noopener\">Zehn Jahre Comic-F\u00f6rderung in Deutschland: Eine kritische Zwischenbilanz<\/a> &#8211; Gespr\u00e4ch mit Axel Halling, Bianca Henze, Thilo Krapp, Andreas Platthaus, Bela Sobottke und Birgit Weyhe; Moderation: Lars von T\u00f6rne; Ort: Orangerie im Schlossgarten, und im Livestream<\/li>\n<\/ul>\n\n\n\n<h1 class=\"wp-block-heading has-text-align-center has-white-color has-luminous-vivid-orange-background-color has-text-color has-background has-link-color wp-elements-6bb95fca3e1e64d4410dbc5ca7725e13\">Ausstellung<\/h1>\n\n\n\n<ul class=\"wp-block-list\">\n<li><a href=\"https:\/\/www.comic-salon.de\/de\/gringo-comics-praesentiert-40-jahre-jo84-und-die-spruehende-phantasie\" target=\"_blank\" rel=\"noreferrer noopener\">Gringo Comics pr\u00e4sentiert: 40 Jahre Jo84 und die Spr\u00fchende Phantasie<\/a>, Ort: Ladengalerie Friedrichstr. 28<\/li>\n<\/ul>\n\n\n\n<h1 class=\"wp-block-heading has-text-align-center has-white-color has-luminous-vivid-orange-background-color has-text-color has-background has-link-color wp-elements-b0c91704d7cd435ca78c1c3d99b9a71a\">Neuheiten<\/h1>\n\n\n\n<ul class=\"wp-block-list\">\n<li>DIE ABENTEUER VOM LIEBEN GOTT 3 von&nbsp;<a href=\"https:\/\/www.comic-salon.de\/de\/haggi\" target=\"_blank\" rel=\"noreferrer noopener\">Haggi<\/a><\/li>\n\n\n\n<li>DAS ENDE von&nbsp;<a href=\"https:\/\/www.comic-salon.de\/de\/baehr\" target=\"_blank\" rel=\"noreferrer noopener\">Thomas Baehr<\/a><\/li>\n\n\n\n<li>TERROR 3000 von&nbsp;<a href=\"https:\/\/www.comic-salon.de\/de\/sobottke\" target=\"_blank\" rel=\"noreferrer noopener\">Bela Sobottke<\/a><\/li>\n\n\n\n<li>HANS DIE LARVE 4: HAARFEIN von&nbsp;<a href=\"https:\/\/www.comic-salon.de\/de\/jazze\" target=\"_blank\" rel=\"noreferrer noopener\">Robert \u201eJazze\u201c Niederle<\/a><\/li>\n\n\n\n<li>RATTENWELT 2: J\u00c4GER DER APOKALYPSE von Stephan Hagenow<\/li>\n\n\n\n<li>KURT TRIFFT REGINALD von&nbsp;<a href=\"https:\/\/www.comic-salon.de\/de\/bommer\" target=\"_blank\" rel=\"noreferrer noopener\">Holger Bommer<\/a><\/li>\n<\/ul>\n\n\n\n<figure class=\"wp-block-image size-large\"><a href=\"https:\/\/www.gringo-logbuch.de\/wp-content\/uploads\/2024\/04\/GringoNeuheiten_Erlangen2024-scaled.jpg\"><img loading=\"lazy\" decoding=\"async\" width=\"1024\" height=\"861\" src=\"https:\/\/www.gringo-logbuch.de\/wp-content\/uploads\/2024\/04\/GringoNeuheiten_Erlangen2024-1024x861.jpg\" alt=\"\" class=\"wp-image-11173\" srcset=\"https:\/\/www.gringo-logbuch.de\/wp-content\/uploads\/2024\/04\/GringoNeuheiten_Erlangen2024-1024x861.jpg 1024w, https:\/\/www.gringo-logbuch.de\/wp-content\/uploads\/2024\/04\/GringoNeuheiten_Erlangen2024-300x252.jpg 300w, https:\/\/www.gringo-logbuch.de\/wp-content\/uploads\/2024\/04\/GringoNeuheiten_Erlangen2024-768x645.jpg 768w, https:\/\/www.gringo-logbuch.de\/wp-content\/uploads\/2024\/04\/GringoNeuheiten_Erlangen2024-1536x1291.jpg 1536w, https:\/\/www.gringo-logbuch.de\/wp-content\/uploads\/2024\/04\/GringoNeuheiten_Erlangen2024-2048x1721.jpg 2048w, https:\/\/www.gringo-logbuch.de\/wp-content\/uploads\/2024\/04\/GringoNeuheiten_Erlangen2024-357x300.jpg 357w\" sizes=\"auto, (max-width: 1024px) 100vw, 1024px\" \/><\/a><\/figure>\n","protected":false},"excerpt":{"rendered":"<p>Am Donnerstag beginnt erneut die gr\u00f6\u00dfte Veranstaltung der deutschsprachigen Comic-Szene, der Internationale Comic-Salon Erlangen. Wir sind nat\u00fcrlich wieder mit einem Stand auf der Messe vertreten, ihr findet uns ganz zentral und wie gewohnt im Hauptzelt A am Stand A27. Wir &hellip; <a href=\"https:\/\/www.gringo-logbuch.de\/?p=11230\">Weiterlesen <span class=\"meta-nav\">&rarr;<\/span><\/a><\/p>\n","protected":false},"author":1,"featured_media":0,"comment_status":"closed","ping_status":"closed","sticky":false,"template":"","format":"standard","meta":{"footnotes":""},"categories":[90,110,92,61],"tags":[82,36,44,85,51,34,50],"class_list":["post-11230","post","type-post","status-publish","format-standard","hentry","category-ausstellung","category-erlangen-2024","category-festival","category-signierstunde","tag-baehr","tag-bommer","tag-haggi","tag-niederle","tag-perez","tag-sobottke","tag-sommer"],"_links":{"self":[{"href":"https:\/\/www.gringo-logbuch.de\/index.php?rest_route=\/wp\/v2\/posts\/11230","targetHints":{"allow":["GET"]}}],"collection":[{"href":"https:\/\/www.gringo-logbuch.de\/index.php?rest_route=\/wp\/v2\/posts"}],"about":[{"href":"https:\/\/www.gringo-logbuch.de\/index.php?rest_route=\/wp\/v2\/types\/post"}],"author":[{"embeddable":true,"href":"https:\/\/www.gringo-logbuch.de\/index.php?rest_route=\/wp\/v2\/users\/1"}],"replies":[{"embeddable":true,"href":"https:\/\/www.gringo-logbuch.de\/index.php?rest_route=%2Fwp%2Fv2%2Fcomments&post=11230"}],"version-history":[{"count":16,"href":"https:\/\/www.gringo-logbuch.de\/index.php?rest_route=\/wp\/v2\/posts\/11230\/revisions"}],"predecessor-version":[{"id":11248,"href":"https:\/\/www.gringo-logbuch.de\/index.php?rest_route=\/wp\/v2\/posts\/11230\/revisions\/11248"}],"wp:attachment":[{"href":"https:\/\/www.gringo-logbuch.de\/index.php?rest_route=%2Fwp%2Fv2%2Fmedia&parent=11230"}],"wp:term":[{"taxonomy":"category","embeddable":true,"href":"https:\/\/www.gringo-logbuch.de\/index.php?rest_route=%2Fwp%2Fv2%2Fcategories&post=11230"},{"taxonomy":"post_tag","embeddable":true,"href":"https:\/\/www.gringo-logbuch.de\/index.php?rest_route=%2Fwp%2Fv2%2Ftags&post=11230"}],"curies":[{"name":"wp","href":"https:\/\/api.w.org\/{rel}","templated":true}]}}