{"id":11378,"date":"2024-08-27T08:00:00","date_gmt":"2024-08-27T06:00:00","guid":{"rendered":"https:\/\/www.gringo-logbuch.de\/?p=11378"},"modified":"2024-08-27T08:26:50","modified_gmt":"2024-08-27T06:26:50","slug":"noch-mehr-pressestimmen-zu-terror-3000","status":"publish","type":"post","link":"https:\/\/www.gringo-logbuch.de\/?p=11378","title":{"rendered":"Noch mehr Pressestimmen zu Terror 3000"},"content":{"rendered":"<div class=\"wp-block-image\">\n<figure class=\"aligncenter size-full\"><a href=\"https:\/\/www.gringo-logbuch.de\/wp-content\/uploads\/2024\/08\/Geek_Terror3000_Headline.jpg\"><img loading=\"lazy\" decoding=\"async\" width=\"2340\" height=\"758\" src=\"https:\/\/www.gringo-logbuch.de\/wp-content\/uploads\/2024\/08\/Geek_Terror3000_Headline.jpg\" alt=\"\" class=\"wp-image-11379\" srcset=\"https:\/\/www.gringo-logbuch.de\/wp-content\/uploads\/2024\/08\/Geek_Terror3000_Headline.jpg 2340w, https:\/\/www.gringo-logbuch.de\/wp-content\/uploads\/2024\/08\/Geek_Terror3000_Headline-300x97.jpg 300w, https:\/\/www.gringo-logbuch.de\/wp-content\/uploads\/2024\/08\/Geek_Terror3000_Headline-1024x332.jpg 1024w, https:\/\/www.gringo-logbuch.de\/wp-content\/uploads\/2024\/08\/Geek_Terror3000_Headline-768x249.jpg 768w, https:\/\/www.gringo-logbuch.de\/wp-content\/uploads\/2024\/08\/Geek_Terror3000_Headline-1536x498.jpg 1536w, https:\/\/www.gringo-logbuch.de\/wp-content\/uploads\/2024\/08\/Geek_Terror3000_Headline-2048x663.jpg 2048w, https:\/\/www.gringo-logbuch.de\/wp-content\/uploads\/2024\/08\/Geek_Terror3000_Headline-500x162.jpg 500w\" sizes=\"auto, (max-width: 2340px) 100vw, 2340px\" \/><\/a><\/figure>\n<\/div>\n\n\n<p>Nach <em><a href=\"https:\/\/www.gringo-logbuch.de\/?p=11300\">diezukunft, TITEL Kulturmagazin, Tagesspiegel, tip,<\/a><\/em> <em><a href=\"https:\/\/www.gringo-logbuch.de\/?p=11319\">FluxFM, radioeins,<\/a><\/em> <em><a href=\"https:\/\/www.gringo-logbuch.de\/?p=11347\">Deadline, Alfonz und FAZ<\/a><\/em> haben drei weitere Medien \u00fcber TERROR 300 berichtet.<\/p>\n\n\n\n<p>Der neue Comic von Bela Sobottke erzeugt weit \u00fcber die Grenzen Berlins (die Hauptstadt ist Belas Basis und Handlungsort seines Comics) hinaus Aufmerksamkeit. Am 27. Juli 2024 berichtete die <em><a href=\"https:\/\/www.ostsee-zeitung.de\" target=\"_blank\" rel=\"noreferrer noopener\">Ostsee-Zeitung<\/a><\/em> \u00fcber TERROR 3000. Michael Klamp meint: <em>&#8222;Der Autor Bela Sobottke inszeniert die Zusammenbr\u00fcche der Zivilisation als (&#8230;) Gemetzel und setzt sie als Zeichner in \u00fcppig illustrierten Comicseiten um. Seitenlayout, Schwung, Farbe stehen f\u00fcr maximalen Lesespa\u00df.&#8220;<\/em><\/p>\n\n\n\n<p>Auch die aktuelle Ausgabe der <em><a href=\"https:\/\/paninishop.de\/geek-tv-und-film-science-fiction-magazine\/geek-magazin-04-2024-74-ydgeek00424?c=802\" target=\"_blank\" rel=\"noreferrer noopener\">Geek!<\/a><\/em> berichtet \u00fcber Belas neuen Wurf (siehe Bild oben). Thomas Dr\u00e4ger vergibt f\u00fcnf von f\u00fcnf Sternen, freut sich dar\u00fcber, dass <em>&#8222;bl\u00f6de Nazis ins Mondgestein und Nazifische ins Seegras&#8220;<\/em> bei\u00dfen und findet: &#8222;<em>Terror 3000 bietet Weltraum-Splatter, riesige Rasterpunkte, eine Handvoll<\/em> <em>dreckiger Dialoge und die ganz gro\u00dfe Liebe!<\/em>&#8220; Oh Ja! <em><a href=\"https:\/\/paninishop.de\/geek-tv-und-film-science-fiction-magazine\/geek-magazin-04-2024-74-ydgeek00424?c=802\" target=\"_blank\" rel=\"noreferrer noopener\">Geek! 74 (Sept.\/Okt. 2024)<\/a><\/em> ist ab sofort am Kiosk erh\u00e4ltlich!<\/p>\n\n\n\n<p>Es folgt die Zeitung <em><a href=\"https:\/\/taz.de\/Antifaschistischer-Comic\/!6030519\/\" target=\"_blank\" rel=\"noreferrer noopener\">taz<\/a><\/em>, die am 22. August im gedruckten Blatt \u00fcber TERROR 3000 berichtete. Andreas Hartmann schreibt unter der \u00dcberschrift <em>&#8222;Mit Kra-Boom! Nazi-Fische plattmachen&#8220;: &#8222;Bela Sobottkes antifaschistischer Comic &#8222;Terror 3000 ist ein Meisterwerk des guten schlechten Geschmacks.&#8220;<\/em> Jawohl! Meisterwerk! Der Text ist inzwischen dankenswerter Weise auch online verf\u00fcgbar. Viel Spa\u00df beim Lesen:<\/p>\n\n\n\n<p class=\"has-text-align-center\"><strong><a href=\"https:\/\/taz.de\/Antifaschistischer-Comic\/!6030519\/\" target=\"_blank\" rel=\"noreferrer noopener\">taz \u00fcber Terror 3000<\/a><\/strong><\/p>\n\n\n<div class=\"wp-block-image\">\n<figure class=\"aligncenter size-full\"><a href=\"https:\/\/www.gringo-logbuch.de\/wp-content\/uploads\/2024\/08\/taz_terror3000_sobottke.jpg\"><img loading=\"lazy\" decoding=\"async\" width=\"2000\" height=\"1172\" src=\"https:\/\/www.gringo-logbuch.de\/wp-content\/uploads\/2024\/08\/taz_terror3000_sobottke.jpg\" alt=\"\" class=\"wp-image-11380\" srcset=\"https:\/\/www.gringo-logbuch.de\/wp-content\/uploads\/2024\/08\/taz_terror3000_sobottke.jpg 2000w, https:\/\/www.gringo-logbuch.de\/wp-content\/uploads\/2024\/08\/taz_terror3000_sobottke-300x176.jpg 300w, https:\/\/www.gringo-logbuch.de\/wp-content\/uploads\/2024\/08\/taz_terror3000_sobottke-1024x600.jpg 1024w, https:\/\/www.gringo-logbuch.de\/wp-content\/uploads\/2024\/08\/taz_terror3000_sobottke-768x450.jpg 768w, https:\/\/www.gringo-logbuch.de\/wp-content\/uploads\/2024\/08\/taz_terror3000_sobottke-1536x900.jpg 1536w, https:\/\/www.gringo-logbuch.de\/wp-content\/uploads\/2024\/08\/taz_terror3000_sobottke-500x293.jpg 500w\" sizes=\"auto, (max-width: 2000px) 100vw, 2000px\" \/><\/a><\/figure>\n<\/div>","protected":false},"excerpt":{"rendered":"<p>Nach diezukunft, TITEL Kulturmagazin, Tagesspiegel, tip, FluxFM, radioeins, Deadline, Alfonz und FAZ haben drei weitere Medien \u00fcber TERROR 300 berichtet. Der neue Comic von Bela Sobottke erzeugt weit \u00fcber die Grenzen Berlins (die Hauptstadt ist Belas Basis und Handlungsort seines &hellip; <a href=\"https:\/\/www.gringo-logbuch.de\/?p=11378\">Weiterlesen <span class=\"meta-nav\">&rarr;<\/span><\/a><\/p>\n","protected":false},"author":1,"featured_media":0,"comment_status":"closed","ping_status":"closed","sticky":false,"template":"","format":"standard","meta":{"footnotes":""},"categories":[11],"tags":[34],"class_list":["post-11378","post","type-post","status-publish","format-standard","hentry","category-presse","tag-sobottke"],"_links":{"self":[{"href":"https:\/\/www.gringo-logbuch.de\/index.php?rest_route=\/wp\/v2\/posts\/11378","targetHints":{"allow":["GET"]}}],"collection":[{"href":"https:\/\/www.gringo-logbuch.de\/index.php?rest_route=\/wp\/v2\/posts"}],"about":[{"href":"https:\/\/www.gringo-logbuch.de\/index.php?rest_route=\/wp\/v2\/types\/post"}],"author":[{"embeddable":true,"href":"https:\/\/www.gringo-logbuch.de\/index.php?rest_route=\/wp\/v2\/users\/1"}],"replies":[{"embeddable":true,"href":"https:\/\/www.gringo-logbuch.de\/index.php?rest_route=%2Fwp%2Fv2%2Fcomments&post=11378"}],"version-history":[{"count":7,"href":"https:\/\/www.gringo-logbuch.de\/index.php?rest_route=\/wp\/v2\/posts\/11378\/revisions"}],"predecessor-version":[{"id":11388,"href":"https:\/\/www.gringo-logbuch.de\/index.php?rest_route=\/wp\/v2\/posts\/11378\/revisions\/11388"}],"wp:attachment":[{"href":"https:\/\/www.gringo-logbuch.de\/index.php?rest_route=%2Fwp%2Fv2%2Fmedia&parent=11378"}],"wp:term":[{"taxonomy":"category","embeddable":true,"href":"https:\/\/www.gringo-logbuch.de\/index.php?rest_route=%2Fwp%2Fv2%2Fcategories&post=11378"},{"taxonomy":"post_tag","embeddable":true,"href":"https:\/\/www.gringo-logbuch.de\/index.php?rest_route=%2Fwp%2Fv2%2Ftags&post=11378"}],"curies":[{"name":"wp","href":"https:\/\/api.w.org\/{rel}","templated":true}]}}