{"id":11476,"date":"2024-12-09T14:25:18","date_gmt":"2024-12-09T13:25:18","guid":{"rendered":"https:\/\/www.gringo-logbuch.de\/?p=11476"},"modified":"2024-12-23T11:40:26","modified_gmt":"2024-12-23T10:40:26","slug":"frenz-aymond","status":"publish","type":"post","link":"https:\/\/www.gringo-logbuch.de\/?p=11476","title":{"rendered":"Frenz &amp; Aymond"},"content":{"rendered":"<div class=\"wp-block-image\">\n<figure class=\"aligncenter size-full\"><a href=\"https:\/\/www.gringo-logbuch.de\/wp-content\/uploads\/2024\/12\/instagram_aymond.png\"><img loading=\"lazy\" decoding=\"async\" width=\"1926\" height=\"1502\" src=\"https:\/\/www.gringo-logbuch.de\/wp-content\/uploads\/2024\/12\/instagram_aymond.png\" alt=\"\" class=\"wp-image-11477\" srcset=\"https:\/\/www.gringo-logbuch.de\/wp-content\/uploads\/2024\/12\/instagram_aymond.png 1926w, https:\/\/www.gringo-logbuch.de\/wp-content\/uploads\/2024\/12\/instagram_aymond-300x234.png 300w, https:\/\/www.gringo-logbuch.de\/wp-content\/uploads\/2024\/12\/instagram_aymond-1024x799.png 1024w, https:\/\/www.gringo-logbuch.de\/wp-content\/uploads\/2024\/12\/instagram_aymond-768x599.png 768w, https:\/\/www.gringo-logbuch.de\/wp-content\/uploads\/2024\/12\/instagram_aymond-1536x1198.png 1536w, https:\/\/www.gringo-logbuch.de\/wp-content\/uploads\/2024\/12\/instagram_aymond-385x300.png 385w\" sizes=\"auto, (max-width: 1926px) 100vw, 1926px\" \/><\/a><\/figure>\n<\/div>\n\n\n<p>Wer dem franz\u00f6sischen Zeichner <a href=\"https:\/\/www.instagram.com\/p\/DDAK5XCNXdE\/?img_index=1\" target=\"_blank\" rel=\"noreferrer noopener\">Philippe Aymond auf Instagram<\/a> folgt, stolperte j\u00fcngst \u00fcber eine Nennung unseres Gringo-Autors Bernd Frenz. Dort schrieb Aymond: <em>&#8222;Mein vierseitiger Tribut-Comic an Jean-Claude M\u00e9zi\u00e8res wird dank Georg Tempel und Bernd Frenz im ZACK Magazin ver\u00f6ffentlicht.&#8220;<\/em> Auch Georg Tempel hatte im <a href=\"https:\/\/www.zack-magazin.com\/index.php\/zack-magazin\/editorial\" target=\"_blank\" rel=\"noreferrer noopener\">ZACK-Editorial<\/a> der November-Ausgabe bereits davon berichtet: <em>&#8222;Au\u00dferdem konnten wir auf Empfehlung des\u00a0Phantom-Autors Bernd Frenz die Rechte an einer Hommage an den\u00a0Valerian-Zeichner Jean-Claude M\u00e9zi\u00e8res erwerben, die von Philippe Aymond (Lady S.) zu Papier gebracht wurde.&#8220;<\/em><\/p>\n\n\n\n<p>Wie kam es dazu? Bernd kennt Philippe Aymond bereits seit 2014, schrieb diverse Artikel \u00fcber ihn sowie das Bonusmaterial f\u00fcr die deutsche <a href=\"https:\/\/www.gringo-logbuch.de\/?p=10212\">LADY S Gesamtausgabe<\/a>. 2022 betreute Bernd ihn au\u00dferdem f\u00fcr den ALL Verlag auf dem Comic-Salon Erlangen, wo die beiden auch mehrmals \u00fcber den kurz zuvor verstorbenen Jean-Claude M\u00e9zi\u00e8res sprachen. Eine Woche nach dem Salon bekam Bernd dann eine E-Mail von Philippe Aymond mit einem PDF einer vier Seiten langen Hommage, die Aymond f\u00fcr das Magazin <em>Tonnerre de bulles<\/em> gezeichnet hatte. In dem Comic geht es um die Zeit, in der Aymond zu Beginn seiner Karriere M\u00e9zi\u00e8res regelm\u00e4\u00dfig in dessen Atelier aufgesucht hat. Bernd erhielt die Geschichte unter der Vorgabe, dass er nicht \u00fcber sie sprechen darf, bis sie in Frankreich erschienen ist. Als er sah, dass das geschehen war, empfahl er sie Georg Tempel f\u00fcr das <em>ZACK Magazin<\/em> und dieser kaufte sie sofort f\u00fcr das <em>ZACK Sonderheft 1<\/em> an, in dem diverse abgeschlossene Kurzgeschichten enthalten sind. Dank Bernd k\u00f6nnen nun also auch deutschsprachige Fans den sehr emotionalen Me\u017ai\u00e8res-Tribut von Aymond lesen.<\/p>\n\n\n\n<p>Das <em>ZACK Sonderheft 1<\/em> ist aktuell im Comicladen oder direkt im <a href=\"https:\/\/www.zack-edition.de\/produkt\/zack-sonderheft-1\/\" target=\"_blank\" rel=\"noreferrer noopener\">ZACK-Shop<\/a> erh\u00e4ltlich.<\/p>\n\n\n<div class=\"wp-block-image\">\n<figure class=\"aligncenter size-full\"><a href=\"https:\/\/www.gringo-logbuch.de\/wp-content\/uploads\/2024\/12\/aymond_mezieres_tribute.jpg\"><img loading=\"lazy\" decoding=\"async\" width=\"1000\" height=\"577\" src=\"https:\/\/www.gringo-logbuch.de\/wp-content\/uploads\/2024\/12\/aymond_mezieres_tribute.jpg\" alt=\"\" class=\"wp-image-11478\" srcset=\"https:\/\/www.gringo-logbuch.de\/wp-content\/uploads\/2024\/12\/aymond_mezieres_tribute.jpg 1000w, https:\/\/www.gringo-logbuch.de\/wp-content\/uploads\/2024\/12\/aymond_mezieres_tribute-300x173.jpg 300w, https:\/\/www.gringo-logbuch.de\/wp-content\/uploads\/2024\/12\/aymond_mezieres_tribute-768x443.jpg 768w, https:\/\/www.gringo-logbuch.de\/wp-content\/uploads\/2024\/12\/aymond_mezieres_tribute-500x289.jpg 500w\" sizes=\"auto, (max-width: 1000px) 100vw, 1000px\" \/><\/a><\/figure>\n<\/div>","protected":false},"excerpt":{"rendered":"<p>Wer dem franz\u00f6sischen Zeichner Philippe Aymond auf Instagram folgt, stolperte j\u00fcngst \u00fcber eine Nennung unseres Gringo-Autors Bernd Frenz. Dort schrieb Aymond: &#8222;Mein vierseitiger Tribut-Comic an Jean-Claude M\u00e9zi\u00e8res wird dank Georg Tempel und Bernd Frenz im ZACK Magazin ver\u00f6ffentlicht.&#8220; Auch Georg &hellip; <a href=\"https:\/\/www.gringo-logbuch.de\/?p=11476\">Weiterlesen <span class=\"meta-nav\">&rarr;<\/span><\/a><\/p>\n","protected":false},"author":1,"featured_media":0,"comment_status":"closed","ping_status":"closed","sticky":false,"template":"","format":"standard","meta":{"footnotes":""},"categories":[20],"tags":[56,55],"class_list":["post-11476","post","type-post","status-publish","format-standard","hentry","category-print-comics","tag-frenz","tag-zack"],"_links":{"self":[{"href":"https:\/\/www.gringo-logbuch.de\/index.php?rest_route=\/wp\/v2\/posts\/11476","targetHints":{"allow":["GET"]}}],"collection":[{"href":"https:\/\/www.gringo-logbuch.de\/index.php?rest_route=\/wp\/v2\/posts"}],"about":[{"href":"https:\/\/www.gringo-logbuch.de\/index.php?rest_route=\/wp\/v2\/types\/post"}],"author":[{"embeddable":true,"href":"https:\/\/www.gringo-logbuch.de\/index.php?rest_route=\/wp\/v2\/users\/1"}],"replies":[{"embeddable":true,"href":"https:\/\/www.gringo-logbuch.de\/index.php?rest_route=%2Fwp%2Fv2%2Fcomments&post=11476"}],"version-history":[{"count":4,"href":"https:\/\/www.gringo-logbuch.de\/index.php?rest_route=\/wp\/v2\/posts\/11476\/revisions"}],"predecessor-version":[{"id":11482,"href":"https:\/\/www.gringo-logbuch.de\/index.php?rest_route=\/wp\/v2\/posts\/11476\/revisions\/11482"}],"wp:attachment":[{"href":"https:\/\/www.gringo-logbuch.de\/index.php?rest_route=%2Fwp%2Fv2%2Fmedia&parent=11476"}],"wp:term":[{"taxonomy":"category","embeddable":true,"href":"https:\/\/www.gringo-logbuch.de\/index.php?rest_route=%2Fwp%2Fv2%2Fcategories&post=11476"},{"taxonomy":"post_tag","embeddable":true,"href":"https:\/\/www.gringo-logbuch.de\/index.php?rest_route=%2Fwp%2Fv2%2Ftags&post=11476"}],"curies":[{"name":"wp","href":"https:\/\/api.w.org\/{rel}","templated":true}]}}