{"id":11571,"date":"2025-01-23T11:40:48","date_gmt":"2025-01-23T10:40:48","guid":{"rendered":"https:\/\/www.gringo-logbuch.de\/?p=11571"},"modified":"2025-01-23T11:48:08","modified_gmt":"2025-01-23T10:48:08","slug":"neues-vom-zebra-xlix","status":"publish","type":"post","link":"https:\/\/www.gringo-logbuch.de\/?p=11571","title":{"rendered":"Neues vom Zebra XLIX"},"content":{"rendered":"<div class=\"wp-block-image\">\n<figure class=\"aligncenter size-full\"><a href=\"https:\/\/www.gringo-logbuch.de\/wp-content\/uploads\/2025\/01\/zebra_sonderband_27_28_29.jpg\"><img loading=\"lazy\" decoding=\"async\" width=\"600\" height=\"262\" src=\"https:\/\/www.gringo-logbuch.de\/wp-content\/uploads\/2025\/01\/zebra_sonderband_27_28_29.jpg\" alt=\"\" class=\"wp-image-11572\" srcset=\"https:\/\/www.gringo-logbuch.de\/wp-content\/uploads\/2025\/01\/zebra_sonderband_27_28_29.jpg 600w, https:\/\/www.gringo-logbuch.de\/wp-content\/uploads\/2025\/01\/zebra_sonderband_27_28_29-300x131.jpg 300w, https:\/\/www.gringo-logbuch.de\/wp-content\/uploads\/2025\/01\/zebra_sonderband_27_28_29-500x218.jpg 500w\" sizes=\"auto, (max-width: 600px) 100vw, 600px\" \/><\/a><\/figure>\n<\/div>\n\n\n<p>Kaum ist das neue Jahr gestartet, flattert der neue ZEBRA-Newsletter in die digitalen Briefk\u00e4sten der Republik, wie immer informativ-launisch von unserem gesch\u00e4tzten Gringo-Kollegen Rudolph Perez verfasst. Allerlei Ereignisse des letzten Halbjahres werden beschrieben und bewertet, von der K\u00f6lner Herbst-Comicmesse (<em>&#8222;ein ambivalentes Vergn\u00fcgen&#8220;<\/em>), \u00fcber die finale ZEBRA Jubil\u00e4umsnummer 19\/20 (<em>&#8222;Nach Jahrzehnten des Publizierens wollten wir uns von dem Stress der periodischen Magazin-Ver\u00f6ffentlichung befreien.&#8220;<\/em>), Rudolph Perez&#8216; GEISTERTSUNDE in <em>Comics &amp; Mehr<\/em> bis zu Kurzprosa und Theaterst\u00fcck aus der Feder von ZEBRA-Mitarbeiter Georg K. Berres.<\/p>\n\n\n\n<p>Apropos Jubil\u00e4um: Nach dem 40sten Geburtstag vom ZEBRA, gefeiert mit der finalen Doppelausgabe 19\/29, stehen aktuell gleich zwei weitere Jubil\u00e4en ins schwarz-wei\u00df gestreifte Haus: 25 Jahre ZEBRA-Newsletter, <em>&#8222;zuverl\u00e4ssig vollmundig in seinen Ank\u00fcndigungen, zuverl\u00e4ssig subjektiv in seinen Urteilen und zuverl\u00e4ssig einseitig in der Auswahl seiner Nachrichten&#8220;<\/em>, und 10 Jahre Comic-Zeichner-Erlebnisse online und als Sammelb\u00e4nde in gedruckter Form (erster Strip siehe unten)! Wir gratulieren den beiden Geburtstagskindern aufs herzlichste!<\/p>\n\n\n\n<p>Die besten Nachrichten beziehen sich allerdings auf die Zukunft: Ganze 3 Zebra-Sonderb\u00e4nde (in Worten: drei!) stehen f\u00fcr dieses Jahr in den Startl\u00f6chern (vorl\u00e4ufige Coverabbildungen siehe oben): ZEBRA-SONDERBAND 27: SENSATIONSJOURNALISMUS UND KULTURELLE MISSION 2 mit den gesammelten ZEBRA-Newslettern 25 bis 38, ZEBRA-SONDERBAND 28: ZEBRA FERIEN-SONDERHEFT mit gesammelten ZEBRA-Strips zum Thema (Welt-) Reisen, und der ZEBRA-SONDERBAND 29: SPRECHBLASE-INDEX\u00a02, der s\u00e4mtliche Gerhard-F\u00f6rster-Ausgaben aus dem <em>bsv Bildschriftenverlag<\/em> erfasst und verschlagwortet. Auch ohne das regul\u00e4re Magazin ist also viel los im ZEBRA-Universum!<\/p>\n\n\n\n<p>Den kompletten Newsletter k\u00f6nnt ihr wie immer bei <em>Splashcomics<\/em> lesen:<\/p>\n\n\n\n<p class=\"has-text-align-center\"><strong><a href=\"https:\/\/splashcomics.de\/php\/specials\/1391\/zebra_newsletter_49\" target=\"_blank\" rel=\"noreferrer noopener\">ZEBRA-Newsletter #49<\/a><\/strong><\/p>\n\n\n<div class=\"wp-block-image\">\n<figure class=\"aligncenter size-full\"><a href=\"https:\/\/www.gringo-logbuch.de\/wp-content\/uploads\/2025\/01\/erster_comiczeichner_Strip.jpg\"><img loading=\"lazy\" decoding=\"async\" width=\"1000\" height=\"353\" src=\"https:\/\/www.gringo-logbuch.de\/wp-content\/uploads\/2025\/01\/erster_comiczeichner_Strip.jpg\" alt=\"\" class=\"wp-image-11575\" srcset=\"https:\/\/www.gringo-logbuch.de\/wp-content\/uploads\/2025\/01\/erster_comiczeichner_Strip.jpg 1000w, https:\/\/www.gringo-logbuch.de\/wp-content\/uploads\/2025\/01\/erster_comiczeichner_Strip-300x106.jpg 300w, https:\/\/www.gringo-logbuch.de\/wp-content\/uploads\/2025\/01\/erster_comiczeichner_Strip-768x271.jpg 768w, https:\/\/www.gringo-logbuch.de\/wp-content\/uploads\/2025\/01\/erster_comiczeichner_Strip-500x177.jpg 500w\" sizes=\"auto, (max-width: 1000px) 100vw, 1000px\" \/><\/a><\/figure>\n<\/div>","protected":false},"excerpt":{"rendered":"<p>Kaum ist das neue Jahr gestartet, flattert der neue ZEBRA-Newsletter in die digitalen Briefk\u00e4sten der Republik, wie immer informativ-launisch von unserem gesch\u00e4tzten Gringo-Kollegen Rudolph Perez verfasst. Allerlei Ereignisse des letzten Halbjahres werden beschrieben und bewertet, von der K\u00f6lner Herbst-Comicmesse (&#8222;ein &hellip; <a href=\"https:\/\/www.gringo-logbuch.de\/?p=11571\">Weiterlesen <span class=\"meta-nav\">&rarr;<\/span><\/a><\/p>\n","protected":false},"author":1,"featured_media":0,"comment_status":"closed","ping_status":"closed","sticky":false,"template":"","format":"standard","meta":{"footnotes":""},"categories":[73,28],"tags":[51,52],"class_list":["post-11571","post","type-post","status-publish","format-standard","hentry","category-ruckblick","category-vorschau","tag-perez","tag-zebra"],"_links":{"self":[{"href":"https:\/\/www.gringo-logbuch.de\/index.php?rest_route=\/wp\/v2\/posts\/11571","targetHints":{"allow":["GET"]}}],"collection":[{"href":"https:\/\/www.gringo-logbuch.de\/index.php?rest_route=\/wp\/v2\/posts"}],"about":[{"href":"https:\/\/www.gringo-logbuch.de\/index.php?rest_route=\/wp\/v2\/types\/post"}],"author":[{"embeddable":true,"href":"https:\/\/www.gringo-logbuch.de\/index.php?rest_route=\/wp\/v2\/users\/1"}],"replies":[{"embeddable":true,"href":"https:\/\/www.gringo-logbuch.de\/index.php?rest_route=%2Fwp%2Fv2%2Fcomments&post=11571"}],"version-history":[{"count":7,"href":"https:\/\/www.gringo-logbuch.de\/index.php?rest_route=\/wp\/v2\/posts\/11571\/revisions"}],"predecessor-version":[{"id":11580,"href":"https:\/\/www.gringo-logbuch.de\/index.php?rest_route=\/wp\/v2\/posts\/11571\/revisions\/11580"}],"wp:attachment":[{"href":"https:\/\/www.gringo-logbuch.de\/index.php?rest_route=%2Fwp%2Fv2%2Fmedia&parent=11571"}],"wp:term":[{"taxonomy":"category","embeddable":true,"href":"https:\/\/www.gringo-logbuch.de\/index.php?rest_route=%2Fwp%2Fv2%2Fcategories&post=11571"},{"taxonomy":"post_tag","embeddable":true,"href":"https:\/\/www.gringo-logbuch.de\/index.php?rest_route=%2Fwp%2Fv2%2Ftags&post=11571"}],"curies":[{"name":"wp","href":"https:\/\/api.w.org\/{rel}","templated":true}]}}