{"id":11601,"date":"2025-02-14T12:33:46","date_gmt":"2025-02-14T11:33:46","guid":{"rendered":"https:\/\/www.gringo-logbuch.de\/?p=11601"},"modified":"2025-02-14T20:06:02","modified_gmt":"2025-02-14T19:06:02","slug":"sensationsjournalismus-und-kulturelle-mission-band-2","status":"publish","type":"post","link":"https:\/\/www.gringo-logbuch.de\/?p=11601","title":{"rendered":"Sensationsjournalismus und kulturelle Mission Band 2"},"content":{"rendered":"<div class=\"wp-block-image\">\n<figure class=\"aligncenter size-large is-resized\"><a href=\"https:\/\/www.gringo-logbuch.de\/wp-content\/uploads\/2025\/02\/zebra_sensationsjournalismus2_cover-scaled.jpg\"><img loading=\"lazy\" decoding=\"async\" width=\"691\" height=\"1024\" src=\"https:\/\/www.gringo-logbuch.de\/wp-content\/uploads\/2025\/02\/zebra_sensationsjournalismus2_cover-691x1024.jpg\" alt=\"\" class=\"wp-image-11602\" style=\"width:300px\" srcset=\"https:\/\/www.gringo-logbuch.de\/wp-content\/uploads\/2025\/02\/zebra_sensationsjournalismus2_cover-691x1024.jpg 691w, https:\/\/www.gringo-logbuch.de\/wp-content\/uploads\/2025\/02\/zebra_sensationsjournalismus2_cover-202x300.jpg 202w, https:\/\/www.gringo-logbuch.de\/wp-content\/uploads\/2025\/02\/zebra_sensationsjournalismus2_cover-768x1138.jpg 768w, https:\/\/www.gringo-logbuch.de\/wp-content\/uploads\/2025\/02\/zebra_sensationsjournalismus2_cover-1037x1536.jpg 1037w, https:\/\/www.gringo-logbuch.de\/wp-content\/uploads\/2025\/02\/zebra_sensationsjournalismus2_cover-1382x2048.jpg 1382w, https:\/\/www.gringo-logbuch.de\/wp-content\/uploads\/2025\/02\/zebra_sensationsjournalismus2_cover-scaled.jpg 1728w\" sizes=\"auto, (max-width: 691px) 100vw, 691px\" \/><\/a><\/figure>\n<\/div>\n\n\n<p>Eben noch im <a href=\"https:\/\/www.gringo-logbuch.de\/?p=11571\">ZEBRA-Newsletter #49<\/a> angek\u00fcndigt, ist er nun bereits erschienen: Der ZEBRA SONDERBAND 27. Unter dem Titel SENSATIONSJOURNALISMUS UND KULTURELLE MISSION: ZWEITER SAMMELBAND versammelt das umfangreiche Werk s\u00e4mtliche ZEBRA-Newsletter von 2013 bis 2019. An diesem Band merkt man, wie die Zeit vergeht: Der erste ZEBRA-Newsletter, den wir hier im Logbuch angek\u00fcndigt haben, war die <a href=\"https:\/\/www.gringo-logbuch.de\/?p=482\">Ausgabe 25 vom Januar 2013<\/a>. Seither haben wir mit sch\u00f6ner Regelm\u00e4\u00dfigkeit alle halbe Jahre die neuesten News aus dem Hause ZEBRA gew\u00fcrdigt. Damit haben wir s\u00e4mtliche im Sammelband abgedruckten Newsletter auch hier im Logbuch begleitet.<\/p>\n\n\n\n<p>F\u00fcr die aufmerksame Logbuch-Leserschaft steht also im neuen ZEBRA SONDERBAND eigentlich nichts neues. Trotzdem ist es ein Vergn\u00fcgen, die stets ebenso launig wie treffsicher formulierten Newsletter in gedruckter Form und hintereinander weg zu lesen. Erg\u00e4nzt werden die Newsletter mit passenden Comic-Strips aus dem umfangreichen ZEBRA-Fundus, die inhaltlich wie zeitlich passend zum jeweiligen Newsletter eingestreut wurden. Mit den Beschreibungen der Messen und anderer Comic-Ereignisse aus der speziellen Sicht der ZEBRA-Crew ergibt der Band, ebenso wie der <a href=\"https:\/\/www.gringo-logbuch.de\/?p=742\">Vorg\u00e4nger<\/a>, geradezu eine Indie-Comics-Geschichtsschreibung. Durch den enthaltenen Index, in dem man nachsehen kann, was in welchem Newsletter thematisiert worden ist, \u00fcber welche Events, Publikationen und Kollegen wo berichtet wurde, wird der Band zudem ein n\u00fctzliches Nachschlagewerk.<\/p>\n\n\n\n<p>Der ZEBRA SONDERBAND 27 ist ab sofort auch bei uns im\u00a0<a href=\"https:\/\/www.gringo-comics-shop.com\/zebra\/\" target=\"_blank\" rel=\"noreferrer noopener\">Gringo Comics Shop<\/a>\u00a0erh\u00e4ltlich.<\/p>\n\n\n\n<p class=\"has-text-align-center\"><strong>Berres, GoGer, Kreutzner, Perez: Sensationsjournalismus und kulturelle Mission \u2013 Zebra-Newsletter \/ Zweiter Sammelband: 2013-2019&nbsp;<\/strong><br>Zebra \/ A4 \/ 64 Seiten \/ s\/w \/ 8,00 Euro<\/p>\n","protected":false},"excerpt":{"rendered":"<p>Eben noch im ZEBRA-Newsletter #49 angek\u00fcndigt, ist er nun bereits erschienen: Der ZEBRA SONDERBAND 27. Unter dem Titel SENSATIONSJOURNALISMUS UND KULTURELLE MISSION: ZWEITER SAMMELBAND versammelt das umfangreiche Werk s\u00e4mtliche ZEBRA-Newsletter von 2013 bis 2019. An diesem Band merkt man, wie &hellip; <a href=\"https:\/\/www.gringo-logbuch.de\/?p=11601\">Weiterlesen <span class=\"meta-nav\">&rarr;<\/span><\/a><\/p>\n","protected":false},"author":1,"featured_media":0,"comment_status":"closed","ping_status":"closed","sticky":false,"template":"","format":"standard","meta":{"footnotes":""},"categories":[14],"tags":[51,52],"class_list":["post-11601","post","type-post","status-publish","format-standard","hentry","category-bucher","tag-perez","tag-zebra"],"_links":{"self":[{"href":"https:\/\/www.gringo-logbuch.de\/index.php?rest_route=\/wp\/v2\/posts\/11601","targetHints":{"allow":["GET"]}}],"collection":[{"href":"https:\/\/www.gringo-logbuch.de\/index.php?rest_route=\/wp\/v2\/posts"}],"about":[{"href":"https:\/\/www.gringo-logbuch.de\/index.php?rest_route=\/wp\/v2\/types\/post"}],"author":[{"embeddable":true,"href":"https:\/\/www.gringo-logbuch.de\/index.php?rest_route=\/wp\/v2\/users\/1"}],"replies":[{"embeddable":true,"href":"https:\/\/www.gringo-logbuch.de\/index.php?rest_route=%2Fwp%2Fv2%2Fcomments&post=11601"}],"version-history":[{"count":9,"href":"https:\/\/www.gringo-logbuch.de\/index.php?rest_route=\/wp\/v2\/posts\/11601\/revisions"}],"predecessor-version":[{"id":11611,"href":"https:\/\/www.gringo-logbuch.de\/index.php?rest_route=\/wp\/v2\/posts\/11601\/revisions\/11611"}],"wp:attachment":[{"href":"https:\/\/www.gringo-logbuch.de\/index.php?rest_route=%2Fwp%2Fv2%2Fmedia&parent=11601"}],"wp:term":[{"taxonomy":"category","embeddable":true,"href":"https:\/\/www.gringo-logbuch.de\/index.php?rest_route=%2Fwp%2Fv2%2Fcategories&post=11601"},{"taxonomy":"post_tag","embeddable":true,"href":"https:\/\/www.gringo-logbuch.de\/index.php?rest_route=%2Fwp%2Fv2%2Ftags&post=11601"}],"curies":[{"name":"wp","href":"https:\/\/api.w.org\/{rel}","templated":true}]}}