{"id":11655,"date":"2025-04-19T12:12:47","date_gmt":"2025-04-19T10:12:47","guid":{"rendered":"https:\/\/www.gringo-logbuch.de\/?p=11655"},"modified":"2025-04-19T12:12:47","modified_gmt":"2025-04-19T10:12:47","slug":"ufos","status":"publish","type":"post","link":"https:\/\/www.gringo-logbuch.de\/?p=11655","title":{"rendered":"UFOs"},"content":{"rendered":"<div class=\"wp-block-image\">\n<figure class=\"aligncenter size-large is-resized\"><a href=\"https:\/\/www.gringo-logbuch.de\/wp-content\/uploads\/2025\/04\/ufos_cover.jpg\"><img loading=\"lazy\" decoding=\"async\" width=\"718\" height=\"1024\" src=\"https:\/\/www.gringo-logbuch.de\/wp-content\/uploads\/2025\/04\/ufos_cover-718x1024.jpg\" alt=\"\" class=\"wp-image-11656\" style=\"width:300px\" srcset=\"https:\/\/www.gringo-logbuch.de\/wp-content\/uploads\/2025\/04\/ufos_cover-718x1024.jpg 718w, https:\/\/www.gringo-logbuch.de\/wp-content\/uploads\/2025\/04\/ufos_cover-210x300.jpg 210w, https:\/\/www.gringo-logbuch.de\/wp-content\/uploads\/2025\/04\/ufos_cover-768x1095.jpg 768w, https:\/\/www.gringo-logbuch.de\/wp-content\/uploads\/2025\/04\/ufos_cover.jpg 800w\" sizes=\"auto, (max-width: 718px) 100vw, 718px\" \/><\/a><\/figure>\n<\/div>\n\n\n<p>W\u00e4hrend die Welt dem Untergang geweiht scheint, nehmen sich zwei Freunde die Zeit, alles aus einer anderen Perspektive zu betrachten. Nichts ist sch\u00f6ner als ein Spaziergang an der frischen Luft und ein k\u00fchles Getr\u00e4nk in der Hand \u2013 wenn da nicht diese verdammten UFOs w\u00e4ren.<\/p>\n\n\n\n<p>&#8222;Wenn M\u00e4nner mit Gewehren vor mir herumbr\u00fcllen, f\u00fchle ich mich in der Regel nicht besonders sicher.&#8220;<\/p>\n\n\n\n<p>Wir begr\u00fc\u00dfen Marcus &#8222;EMBE&#8220; Behrendt bei Gringo Comics! Geboren und aufgewachsen ist Marcus in Bad Oeynhausen, im zarten Alter von 20 Jahren entkam er der Tristesse der Kleinstadt und zog f\u00fcr einige Jahre nach Bremen. In den folgenden sechs Jahren ver\u00f6ffentlichte er seine ersten Comic-Kurzgeschichten und -Alben. Der gelernte P\u00e4dagoge lebt seit 2007 in Berlin und arbeitet dort als Erzieher sowie freiberuflich als Comiczeichner und Illustrator. Er war jahrelang Vorsitzender des <em>toonsUp e.V.<\/em>, best\u00fcckt seinen YouTube-Kanal mit Comic-Tutorials f\u00fcr Kinder und ist Hauszeichner f\u00fcr das Sandm\u00e4nnchen. Und ganz nebenbei bleibt auch noch etwas Platz f\u00fcr Musik.<\/p>\n\n\n\n<p>UFOs ist ab sofort im Comicladen erh\u00e4ltlich oder direkt bei uns im&nbsp;<a href=\"https:\/\/www.gringo-comics-shop.com\/ufos\/#cc-m-product-14419025489\" target=\"_blank\" rel=\"noreferrer noopener\">Gringo Comics Shop<\/a>!<\/p>\n\n\n\n<p class=\"has-text-align-center\"><strong><strong>EMBE: UFOs<\/strong>\u00a0<\/strong><br>Gringo Comics \/ A5 \/ SC \/ 52\u00a0Seiten \/ 4c\u00a0\/ 9,95 Euro \/\u00a0ISBN 978-3-946649-61-8<\/p>\n\n\n<div class=\"wp-block-image\">\n<figure class=\"aligncenter size-full\"><a href=\"https:\/\/www.gringo-logbuch.de\/wp-content\/uploads\/2025\/04\/ufos_leseprobe-scaled.jpg\"><img loading=\"lazy\" decoding=\"async\" width=\"2560\" height=\"911\" src=\"https:\/\/www.gringo-logbuch.de\/wp-content\/uploads\/2025\/04\/ufos_leseprobe-scaled.jpg\" alt=\"\" class=\"wp-image-11657\" srcset=\"https:\/\/www.gringo-logbuch.de\/wp-content\/uploads\/2025\/04\/ufos_leseprobe-scaled.jpg 2560w, https:\/\/www.gringo-logbuch.de\/wp-content\/uploads\/2025\/04\/ufos_leseprobe-300x107.jpg 300w, https:\/\/www.gringo-logbuch.de\/wp-content\/uploads\/2025\/04\/ufos_leseprobe-1024x364.jpg 1024w, https:\/\/www.gringo-logbuch.de\/wp-content\/uploads\/2025\/04\/ufos_leseprobe-768x273.jpg 768w, https:\/\/www.gringo-logbuch.de\/wp-content\/uploads\/2025\/04\/ufos_leseprobe-1536x547.jpg 1536w, https:\/\/www.gringo-logbuch.de\/wp-content\/uploads\/2025\/04\/ufos_leseprobe-2048x729.jpg 2048w, https:\/\/www.gringo-logbuch.de\/wp-content\/uploads\/2025\/04\/ufos_leseprobe-500x178.jpg 500w\" sizes=\"auto, (max-width: 2560px) 100vw, 2560px\" \/><\/a><\/figure>\n<\/div>","protected":false},"excerpt":{"rendered":"<p>W\u00e4hrend die Welt dem Untergang geweiht scheint, nehmen sich zwei Freunde die Zeit, alles aus einer anderen Perspektive zu betrachten. Nichts ist sch\u00f6ner als ein Spaziergang an der frischen Luft und ein k\u00fchles Getr\u00e4nk in der Hand \u2013 wenn da &hellip; <a href=\"https:\/\/www.gringo-logbuch.de\/?p=11655\">Weiterlesen <span class=\"meta-nav\">&rarr;<\/span><\/a><\/p>\n","protected":false},"author":1,"featured_media":0,"comment_status":"closed","ping_status":"closed","sticky":false,"template":"","format":"standard","meta":{"footnotes":""},"categories":[113,20],"tags":[112],"class_list":["post-11655","post","type-post","status-publish","format-standard","hentry","category-jahrgang-2025","category-print-comics","tag-embe"],"_links":{"self":[{"href":"https:\/\/www.gringo-logbuch.de\/index.php?rest_route=\/wp\/v2\/posts\/11655","targetHints":{"allow":["GET"]}}],"collection":[{"href":"https:\/\/www.gringo-logbuch.de\/index.php?rest_route=\/wp\/v2\/posts"}],"about":[{"href":"https:\/\/www.gringo-logbuch.de\/index.php?rest_route=\/wp\/v2\/types\/post"}],"author":[{"embeddable":true,"href":"https:\/\/www.gringo-logbuch.de\/index.php?rest_route=\/wp\/v2\/users\/1"}],"replies":[{"embeddable":true,"href":"https:\/\/www.gringo-logbuch.de\/index.php?rest_route=%2Fwp%2Fv2%2Fcomments&post=11655"}],"version-history":[{"count":2,"href":"https:\/\/www.gringo-logbuch.de\/index.php?rest_route=\/wp\/v2\/posts\/11655\/revisions"}],"predecessor-version":[{"id":11659,"href":"https:\/\/www.gringo-logbuch.de\/index.php?rest_route=\/wp\/v2\/posts\/11655\/revisions\/11659"}],"wp:attachment":[{"href":"https:\/\/www.gringo-logbuch.de\/index.php?rest_route=%2Fwp%2Fv2%2Fmedia&parent=11655"}],"wp:term":[{"taxonomy":"category","embeddable":true,"href":"https:\/\/www.gringo-logbuch.de\/index.php?rest_route=%2Fwp%2Fv2%2Fcategories&post=11655"},{"taxonomy":"post_tag","embeddable":true,"href":"https:\/\/www.gringo-logbuch.de\/index.php?rest_route=%2Fwp%2Fv2%2Ftags&post=11655"}],"curies":[{"name":"wp","href":"https:\/\/api.w.org\/{rel}","templated":true}]}}