{"id":11682,"date":"2025-09-02T19:18:44","date_gmt":"2025-09-02T17:18:44","guid":{"rendered":"https:\/\/www.gringo-logbuch.de\/?p=11682"},"modified":"2025-09-02T19:22:46","modified_gmt":"2025-09-02T17:22:46","slug":"zebra-ferien-sonderheft","status":"publish","type":"post","link":"https:\/\/www.gringo-logbuch.de\/?p=11682","title":{"rendered":"ZEBRA Ferien-Sonderheft"},"content":{"rendered":"<div class=\"wp-block-image\">\n<figure class=\"aligncenter size-large is-resized\"><a href=\"https:\/\/www.gringo-logbuch.de\/wp-content\/uploads\/2025\/05\/zebra_ferien_sonderheft_cover.jpg\"><img loading=\"lazy\" decoding=\"async\" width=\"724\" height=\"1024\" src=\"https:\/\/www.gringo-logbuch.de\/wp-content\/uploads\/2025\/05\/zebra_ferien_sonderheft_cover-724x1024.jpg\" alt=\"\" class=\"wp-image-11683\" style=\"width:300px\" srcset=\"https:\/\/www.gringo-logbuch.de\/wp-content\/uploads\/2025\/05\/zebra_ferien_sonderheft_cover-724x1024.jpg 724w, https:\/\/www.gringo-logbuch.de\/wp-content\/uploads\/2025\/05\/zebra_ferien_sonderheft_cover-212x300.jpg 212w, https:\/\/www.gringo-logbuch.de\/wp-content\/uploads\/2025\/05\/zebra_ferien_sonderheft_cover-768x1086.jpg 768w, https:\/\/www.gringo-logbuch.de\/wp-content\/uploads\/2025\/05\/zebra_ferien_sonderheft_cover-1086x1536.jpg 1086w, https:\/\/www.gringo-logbuch.de\/wp-content\/uploads\/2025\/05\/zebra_ferien_sonderheft_cover-1448x2048.jpg 1448w, https:\/\/www.gringo-logbuch.de\/wp-content\/uploads\/2025\/05\/zebra_ferien_sonderheft_cover.jpg 1500w\" sizes=\"auto, (max-width: 724px) 100vw, 724px\" \/><\/a><\/figure>\n<\/div>\n\n\n<p>Es wurde uns ja bereits angek\u00fcndigt: Auch wenn mit dem regul\u00e4ren ZEBRA Schluss ist, wird es doch weitere ZEBRA-Sonderb\u00e4nde geben. Und hier ist bereits wieder einer, der 28ste. Das Thema ist ein besonders sch\u00f6nes: Ferien! Dazu passend ist bereits das Cover eine Augenweide: ZEBRA-Mastermind und -Zeichner Rudolph Perez hat dem Umschlag diesmal Farbe spendiert und ein legend\u00e4res Donald-Duck-Titelblatt von Carl Barks neu interpretiert (&#8222;Familie Duck auf Ferienfahrt&#8220; aka &#8222;Vacation Time&#8220;), nat\u00fcrlich mit der ZEBRA-Crew statt Familie Duck, und mit Auto, das auf den Betrachter zuf\u00e4hrt, statt von ihm weg, und mit noch mehr wilden Tieren &#8211; aber wir schweifen ab. Das kann schonmal passieren, wenn man sich beim Betrachten dieses Covers verliert&#8230;<\/p>\n\n\n\n<p>Die ZEBRA-Belegschaft braucht Urlaub, und anstatt an den Baggersee zu fahren wie der Durchschnittsb\u00fcrger von Nebenan, begibt man sich auf Weltreise. Das gibt Gelegenheit f\u00fcr viel Ferien-Gags und jede Menge Comic-Bez\u00fcge, schlie\u00dflich gibt es auf der ganzen und \u00fcber die ganze Welt sequenzielle Bildgeschichten. Wenn wir beispielsweise in Amsterdam landen, dann sp\u00fcrt man klare &#8222;Franka&#8220;-Vibes &#8211; siehe das sch\u00f6ne Panorama-Bild unten. Solche optischen und inhaltlichen Anspielungen gibt es einige im Heft. Und ab und zu kann man sogar noch was lernen in eingestreuten &#8222;Wiege der Comics&#8220;-Einseitern, die mal \u00fcber Italien, mal \u00fcber Belgien, mal \u00fcber \u00d6sterreich Unterhaltsames und Erhellendes \u00fcber die Comic-Produktion der jeweiligen Nation vermitteln. Ansonsten folgen wir den ZEBRA-Freunden quer durch die Welt und zwischendurch zeichnet der daheimgebliebene Redaktionshund w\u00fcste, bellende ZEBRA-Strips.<\/p>\n\n\n\n<p>Wenn ihr schon wieder ferienreif seid, und wer ist das nicht, ist das euer Heft!<\/p>\n\n\n\n<p>Das ZEBRA FERIEN-SONDERHEFT ist ab sofort in ausgesuchten Comic-L\u00e4den oder direkt bei uns im\u00a0<a href=\"https:\/\/www.gringo-comics-shop.com\/weitere-indiecomics\/zebra\/\" target=\"_blank\" rel=\"noreferrer noopener\">Gringo Comics Shop<\/a>\u00a0erh\u00e4ltlich.<\/p>\n\n\n\n<p class=\"has-text-align-center\"><strong>Rudolph Perez: ZEBRA Ferien-Sonderheft (ZEBRA-Sonderband 28)<\/strong><br>Zebra \/ Heft \/ 40 Seiten \/ sw \/ A4 \/ 5,- Euro<\/p>\n\n\n<div class=\"wp-block-image\">\n<figure class=\"aligncenter size-full\"><a href=\"https:\/\/www.gringo-logbuch.de\/wp-content\/uploads\/2025\/05\/zebra_amsterdam.jpg\"><img loading=\"lazy\" decoding=\"async\" width=\"1700\" height=\"520\" src=\"https:\/\/www.gringo-logbuch.de\/wp-content\/uploads\/2025\/05\/zebra_amsterdam.jpg\" alt=\"\" class=\"wp-image-11686\" srcset=\"https:\/\/www.gringo-logbuch.de\/wp-content\/uploads\/2025\/05\/zebra_amsterdam.jpg 1700w, https:\/\/www.gringo-logbuch.de\/wp-content\/uploads\/2025\/05\/zebra_amsterdam-300x92.jpg 300w, https:\/\/www.gringo-logbuch.de\/wp-content\/uploads\/2025\/05\/zebra_amsterdam-1024x313.jpg 1024w, https:\/\/www.gringo-logbuch.de\/wp-content\/uploads\/2025\/05\/zebra_amsterdam-768x235.jpg 768w, https:\/\/www.gringo-logbuch.de\/wp-content\/uploads\/2025\/05\/zebra_amsterdam-1536x470.jpg 1536w, https:\/\/www.gringo-logbuch.de\/wp-content\/uploads\/2025\/05\/zebra_amsterdam-500x153.jpg 500w\" sizes=\"auto, (max-width: 1700px) 100vw, 1700px\" \/><\/a><\/figure>\n<\/div>","protected":false},"excerpt":{"rendered":"<p>Es wurde uns ja bereits angek\u00fcndigt: Auch wenn mit dem regul\u00e4ren ZEBRA Schluss ist, wird es doch weitere ZEBRA-Sonderb\u00e4nde geben. Und hier ist bereits wieder einer, der 28ste. Das Thema ist ein besonders sch\u00f6nes: Ferien! Dazu passend ist bereits das &hellip; <a href=\"https:\/\/www.gringo-logbuch.de\/?p=11682\">Weiterlesen <span class=\"meta-nav\">&rarr;<\/span><\/a><\/p>\n","protected":false},"author":1,"featured_media":0,"comment_status":"closed","ping_status":"closed","sticky":false,"template":"","format":"standard","meta":{"footnotes":""},"categories":[20],"tags":[51,52],"class_list":["post-11682","post","type-post","status-publish","format-standard","hentry","category-print-comics","tag-perez","tag-zebra"],"_links":{"self":[{"href":"https:\/\/www.gringo-logbuch.de\/index.php?rest_route=\/wp\/v2\/posts\/11682","targetHints":{"allow":["GET"]}}],"collection":[{"href":"https:\/\/www.gringo-logbuch.de\/index.php?rest_route=\/wp\/v2\/posts"}],"about":[{"href":"https:\/\/www.gringo-logbuch.de\/index.php?rest_route=\/wp\/v2\/types\/post"}],"author":[{"embeddable":true,"href":"https:\/\/www.gringo-logbuch.de\/index.php?rest_route=\/wp\/v2\/users\/1"}],"replies":[{"embeddable":true,"href":"https:\/\/www.gringo-logbuch.de\/index.php?rest_route=%2Fwp%2Fv2%2Fcomments&post=11682"}],"version-history":[{"count":14,"href":"https:\/\/www.gringo-logbuch.de\/index.php?rest_route=\/wp\/v2\/posts\/11682\/revisions"}],"predecessor-version":[{"id":11848,"href":"https:\/\/www.gringo-logbuch.de\/index.php?rest_route=\/wp\/v2\/posts\/11682\/revisions\/11848"}],"wp:attachment":[{"href":"https:\/\/www.gringo-logbuch.de\/index.php?rest_route=%2Fwp%2Fv2%2Fmedia&parent=11682"}],"wp:term":[{"taxonomy":"category","embeddable":true,"href":"https:\/\/www.gringo-logbuch.de\/index.php?rest_route=%2Fwp%2Fv2%2Fcategories&post=11682"},{"taxonomy":"post_tag","embeddable":true,"href":"https:\/\/www.gringo-logbuch.de\/index.php?rest_route=%2Fwp%2Fv2%2Ftags&post=11682"}],"curies":[{"name":"wp","href":"https:\/\/api.w.org\/{rel}","templated":true}]}}