{"id":11759,"date":"2025-06-16T15:04:03","date_gmt":"2025-06-16T13:04:03","guid":{"rendered":"https:\/\/www.gringo-logbuch.de\/?p=11759"},"modified":"2025-06-18T02:05:05","modified_gmt":"2025-06-18T00:05:05","slug":"gringos-beim-comicfestival-muenchen","status":"publish","type":"post","link":"https:\/\/www.gringo-logbuch.de\/?p=11759","title":{"rendered":"Gringos beim Comicfestival M\u00fcnchen"},"content":{"rendered":"\n<figure class=\"wp-block-image size-full\"><a href=\"https:\/\/www.gringo-logbuch.de\/wp-content\/uploads\/2025\/06\/gringo_muenchen_neuheiten-scaled.jpg\"><img loading=\"lazy\" decoding=\"async\" width=\"2560\" height=\"1365\" src=\"https:\/\/www.gringo-logbuch.de\/wp-content\/uploads\/2025\/06\/gringo_muenchen_neuheiten-scaled.jpg\" alt=\"\" class=\"wp-image-11760\" srcset=\"https:\/\/www.gringo-logbuch.de\/wp-content\/uploads\/2025\/06\/gringo_muenchen_neuheiten-scaled.jpg 2560w, https:\/\/www.gringo-logbuch.de\/wp-content\/uploads\/2025\/06\/gringo_muenchen_neuheiten-300x160.jpg 300w, https:\/\/www.gringo-logbuch.de\/wp-content\/uploads\/2025\/06\/gringo_muenchen_neuheiten-1024x546.jpg 1024w, https:\/\/www.gringo-logbuch.de\/wp-content\/uploads\/2025\/06\/gringo_muenchen_neuheiten-768x410.jpg 768w, https:\/\/www.gringo-logbuch.de\/wp-content\/uploads\/2025\/06\/gringo_muenchen_neuheiten-1536x819.jpg 1536w, https:\/\/www.gringo-logbuch.de\/wp-content\/uploads\/2025\/06\/gringo_muenchen_neuheiten-2048x1092.jpg 2048w, https:\/\/www.gringo-logbuch.de\/wp-content\/uploads\/2025\/06\/gringo_muenchen_neuheiten-500x267.jpg 500w\" sizes=\"auto, (max-width: 2560px) 100vw, 2560px\" \/><\/a><\/figure>\n\n\n\n<p>In wenigen Tagen, am Donnerstag, den 19. Juni, startet das <em><a href=\"https:\/\/comicfestival-muenchen.de\" target=\"_blank\" rel=\"noreferrer noopener\">Comicfestival M\u00fcnchen<\/a><\/em>. Vier Tage lang steht die bayerische Landeshauptstadt ganz im Zeichen der sequenziellen Bildgeschichten. Und Gringo Comics ist dabei! P\u00fcnktlich zum Festival sind vier Neuheiten bei uns erschienen, die wir nat\u00fcrlich alle im Gep\u00e4ck haben:<\/p>\n\n\n\n<ul class=\"wp-block-list\">\n<li><a href=\"https:\/\/www.gringo-logbuch.de\/?p=11715\">HOPE 1: \u00c4RGER IN PACIFICA BAY<\/a> von Mathias Lorenz<\/li>\n\n\n\n<li><a href=\"https:\/\/www.gringo-logbuch.de\/?p=11719\">WOLFSJAGD: EIN EINAR ABENTEUER<\/a> von Stephan Hagenow<\/li>\n\n\n\n<li><a href=\"https:\/\/www.gringo-logbuch.de\/?p=11655\">UFOs<\/a> von Marcus \u201eEMBE\u201c Behrendt<\/li>\n\n\n\n<li><a href=\"https:\/\/www.gringo-logbuch.de\/?p=11669\">IN EINER WELT UMZINGELT VON FEINDEN<\/a> von Christian &#8222;Zano&#8220; Zanotelli<\/li>\n<\/ul>\n\n\n\n<p>Ferner bringen wir mit:<\/p>\n\n\n\n<ul class=\"wp-block-list\">\n<li>SPR\u00dcHENDE PHANTASIE 30: BRETT SPEZIAL<\/li>\n\n\n\n<li><a href=\"https:\/\/www.gringo-logbuch.de\/?p=11723\">TERROR 3000 Zweitauflage<\/a> von Bela Sobottke<\/li>\n\n\n\n<li>und nat\u00fcrlich weitere Titel aus der Backlist<\/li>\n\n\n\n<li>das neue <a href=\"https:\/\/www.gringo-logbuch.de\/?p=11749\">GringoMag<\/a> (kostenlos!)<\/li>\n<\/ul>\n\n\n\n<p>Die SPR\u00dcHENDE PHANTASIE ist zwar kein Gringo-Comic, sondern herausgegeben von unserem Freund Jo Guhde, aber im BRETT SPEZIAL sind diverse Gringo-Zeichner vertreten, so dass das Interesse der Gringo-Leserschaft gro\u00df sein d\u00fcrfte. TERROR 3000 erschien bereits letztes Jahr bei uns, neu hingegen ist die druckfrische Zweitauflage &#8211; eine gute Gelegenheit f\u00fcr alle, die noch nicht zugegriffen haben.<\/p>\n\n\n\n<p>Anwesende Zeichner:<\/p>\n\n\n\n<ul class=\"wp-block-list\">\n<li>Holger Bommer<\/li>\n\n\n\n<li>Christian &#8222;Zano&#8220; Zanotelli<\/li>\n\n\n\n<li>Mathias Lorenz<\/li>\n\n\n\n<li>Rudolph Perez<\/li>\n\n\n\n<li>Marco Finkenstein<\/li>\n<\/ul>\n\n\n\n<p>Zano und Mathias werden ihre druckfrischen Neuheiten signieren. Rudolph signiert COMMANDER CORK und seine ZEBRAs, Verleger Holger organisiert das ganze, ist die gute Seele des Gringo-Stands und signiert nebenbei jeden KURT, den ihr ihm unter die Nase haltet. Und das BRETT-Spezial signieren sie fast alle (inklusive Marco, von dem ihr sp\u00e4ter im Jahr noch mehr bei uns h\u00f6ren werdet), weil sich darin die Gringo-Zeichner die Klinke in die Hand geben. Au\u00dferdem hat unser flei\u00dfiger Stephan Hagenow jede Menge Comics vorab signiert, die wir beim Festival zum regul\u00e4ren Coverpreis anbieten (wer mehr geben m\u00f6chte, wird von uns nicht aufgehalten, jeder zus\u00e4tzliche Euro geht direkt an den Zeichner). Solange der Vorrat reicht! Wie schick Stephans raumgreifende Signaturen aussehen, das seht ihr anhand einiger Beispiele unten.<\/p>\n\n\n\n<p>Der Gringo-Stand befindet sich im Obergeschoss der <em>Alten Kongresshalle<\/em> (Am Bavariapark 14, 80339 M\u00fcnchen). Wir sehen uns in M\u00fcnchen!<\/p>\n\n\n<div class=\"wp-block-image\">\n<figure class=\"aligncenter size-full\"><a href=\"https:\/\/www.gringo-logbuch.de\/wp-content\/uploads\/2025\/06\/hagenow_signaturen_muenchen_2025-scaled.jpg\"><img loading=\"lazy\" decoding=\"async\" width=\"2560\" height=\"645\" src=\"https:\/\/www.gringo-logbuch.de\/wp-content\/uploads\/2025\/06\/hagenow_signaturen_muenchen_2025-scaled.jpg\" alt=\"\" class=\"wp-image-11761\" srcset=\"https:\/\/www.gringo-logbuch.de\/wp-content\/uploads\/2025\/06\/hagenow_signaturen_muenchen_2025-scaled.jpg 2560w, https:\/\/www.gringo-logbuch.de\/wp-content\/uploads\/2025\/06\/hagenow_signaturen_muenchen_2025-300x76.jpg 300w, https:\/\/www.gringo-logbuch.de\/wp-content\/uploads\/2025\/06\/hagenow_signaturen_muenchen_2025-1024x258.jpg 1024w, https:\/\/www.gringo-logbuch.de\/wp-content\/uploads\/2025\/06\/hagenow_signaturen_muenchen_2025-768x194.jpg 768w, https:\/\/www.gringo-logbuch.de\/wp-content\/uploads\/2025\/06\/hagenow_signaturen_muenchen_2025-1536x387.jpg 1536w, https:\/\/www.gringo-logbuch.de\/wp-content\/uploads\/2025\/06\/hagenow_signaturen_muenchen_2025-2048x516.jpg 2048w, https:\/\/www.gringo-logbuch.de\/wp-content\/uploads\/2025\/06\/hagenow_signaturen_muenchen_2025-500x126.jpg 500w\" sizes=\"auto, (max-width: 2560px) 100vw, 2560px\" \/><\/a><\/figure>\n<\/div>\n\n\n<p><\/p>\n","protected":false},"excerpt":{"rendered":"<p>In wenigen Tagen, am Donnerstag, den 19. Juni, startet das Comicfestival M\u00fcnchen. Vier Tage lang steht die bayerische Landeshauptstadt ganz im Zeichen der sequenziellen Bildgeschichten. Und Gringo Comics ist dabei! P\u00fcnktlich zum Festival sind vier Neuheiten bei uns erschienen, die &hellip; <a href=\"https:\/\/www.gringo-logbuch.de\/?p=11759\">Weiterlesen <span class=\"meta-nav\">&rarr;<\/span><\/a><\/p>\n","protected":false},"author":1,"featured_media":0,"comment_status":"closed","ping_status":"closed","sticky":false,"template":"","format":"standard","meta":{"footnotes":""},"categories":[92],"tags":[36,115,43,114,51,34,48],"class_list":["post-11759","post","type-post","status-publish","format-standard","hentry","category-festival","tag-bommer","tag-finkenstein","tag-hagenow","tag-lorenz","tag-perez","tag-sobottke","tag-zano"],"_links":{"self":[{"href":"https:\/\/www.gringo-logbuch.de\/index.php?rest_route=\/wp\/v2\/posts\/11759","targetHints":{"allow":["GET"]}}],"collection":[{"href":"https:\/\/www.gringo-logbuch.de\/index.php?rest_route=\/wp\/v2\/posts"}],"about":[{"href":"https:\/\/www.gringo-logbuch.de\/index.php?rest_route=\/wp\/v2\/types\/post"}],"author":[{"embeddable":true,"href":"https:\/\/www.gringo-logbuch.de\/index.php?rest_route=\/wp\/v2\/users\/1"}],"replies":[{"embeddable":true,"href":"https:\/\/www.gringo-logbuch.de\/index.php?rest_route=%2Fwp%2Fv2%2Fcomments&post=11759"}],"version-history":[{"count":12,"href":"https:\/\/www.gringo-logbuch.de\/index.php?rest_route=\/wp\/v2\/posts\/11759\/revisions"}],"predecessor-version":[{"id":11775,"href":"https:\/\/www.gringo-logbuch.de\/index.php?rest_route=\/wp\/v2\/posts\/11759\/revisions\/11775"}],"wp:attachment":[{"href":"https:\/\/www.gringo-logbuch.de\/index.php?rest_route=%2Fwp%2Fv2%2Fmedia&parent=11759"}],"wp:term":[{"taxonomy":"category","embeddable":true,"href":"https:\/\/www.gringo-logbuch.de\/index.php?rest_route=%2Fwp%2Fv2%2Fcategories&post=11759"},{"taxonomy":"post_tag","embeddable":true,"href":"https:\/\/www.gringo-logbuch.de\/index.php?rest_route=%2Fwp%2Fv2%2Ftags&post=11759"}],"curies":[{"name":"wp","href":"https:\/\/api.w.org\/{rel}","templated":true}]}}