{"id":412,"date":"2012-12-29T10:00:26","date_gmt":"2012-12-29T09:00:26","guid":{"rendered":"http:\/\/www.gringo-logbuch.de\/?p=412"},"modified":"2018-05-03T13:32:03","modified_gmt":"2018-05-03T11:32:03","slug":"comic-plauderei-zum-jahresende","status":"publish","type":"post","link":"https:\/\/www.gringo-logbuch.de\/?p=412","title":{"rendered":"Comic-Plauderei zum Jahresende"},"content":{"rendered":"<p><a href=\"http:\/\/yaycomics.de\/16\" target=\"_blank\"><img loading=\"lazy\" decoding=\"async\" class=\"aligncenter size-medium wp-image-413\" title=\"yaycomics_jahresrueckblick\" src=\"http:\/\/www.gringo-logbuch.de\/wp-content\/uploads\/2012\/12\/yaycomics_jahresrueckblick-300x241.jpg\" alt=\"\" width=\"300\" height=\"241\" srcset=\"https:\/\/www.gringo-logbuch.de\/wp-content\/uploads\/2012\/12\/yaycomics_jahresrueckblick-300x241.jpg 300w, https:\/\/www.gringo-logbuch.de\/wp-content\/uploads\/2012\/12\/yaycomics_jahresrueckblick-372x300.jpg 372w, https:\/\/www.gringo-logbuch.de\/wp-content\/uploads\/2012\/12\/yaycomics_jahresrueckblick.jpg 800w\" sizes=\"auto, (max-width: 300px) 100vw, 300px\" \/><\/a><\/p>\n<p>Nachdem Gringogenosse Bela Sobottke bereits im Sommer bei\u00a0<a href=\"http:\/\/yaycomics.net\/podcast\/8\" target=\"_blank\">Folge 8\u00a0vom <em>Yay, Comics!<\/em>\u00a0Podcast<\/a> zu Gast war mit seinem Comic KREPIER ODER STIRB und eine gute Dreiviertelstunde mit Gastgeber Carlos \u00fcber Western, Comics, und Westerncomics sprach, gibt es nun eine gro\u00dfe Jahresendweihnachtsgala bei <em>Yay, Comics!\u00a0<\/em>Bela ist in dieser sechzehnten Folge einer von vielen Comic-Zeichnern, -H\u00e4ndlern und -Kritikern, die das Comic-Jahr 2012 Revue passieren lassen. Ab 1:14:20 erz\u00e4hlt Bela ein bisschen \u00fcber KREPIER ODER STIRB, \u00fcber das <em>20 Jahre Gringo Comics<\/em> Jubil\u00e4um 2012 und \u00fcber seine favorisierten Comics des zuende gehenden Jahres. Kurz zuvor ist \u00fcbrigens Stefan Dinter von <em>Zwerchfell<\/em> an der Reihe, erz\u00e4hlt \u00fcber die Jahres-Highlights seines Verlags und verr\u00e4t, dass KREPIER ODER STIRB einer seiner Lieblingcomics 2012 ist&#8230;<\/p>\n<p style=\"text-align: center;\"><a href=\"http:\/\/yaycomics.de\/16\" target=\"_blank\"><strong>Yay! Comics Podcast #16: Die Jahresendweihnachtsgala<\/strong><\/a><\/p>\n","protected":false},"excerpt":{"rendered":"<p>Nachdem Gringogenosse Bela Sobottke bereits im Sommer bei\u00a0Folge 8\u00a0vom Yay, Comics!\u00a0Podcast zu Gast war mit seinem Comic KREPIER ODER STIRB und eine gute Dreiviertelstunde mit Gastgeber Carlos \u00fcber Western, Comics, und Westerncomics sprach, gibt es nun eine gro\u00dfe Jahresendweihnachtsgala bei &hellip; <a href=\"https:\/\/www.gringo-logbuch.de\/?p=412\">Weiterlesen <span class=\"meta-nav\">&rarr;<\/span><\/a><\/p>\n","protected":false},"author":1,"featured_media":0,"comment_status":"closed","ping_status":"closed","sticky":false,"template":"","format":"standard","meta":{"footnotes":""},"categories":[12,11],"tags":[34],"class_list":["post-412","post","type-post","status-publish","format-standard","hentry","category-audiovisuell","category-presse","tag-sobottke"],"_links":{"self":[{"href":"https:\/\/www.gringo-logbuch.de\/index.php?rest_route=\/wp\/v2\/posts\/412","targetHints":{"allow":["GET"]}}],"collection":[{"href":"https:\/\/www.gringo-logbuch.de\/index.php?rest_route=\/wp\/v2\/posts"}],"about":[{"href":"https:\/\/www.gringo-logbuch.de\/index.php?rest_route=\/wp\/v2\/types\/post"}],"author":[{"embeddable":true,"href":"https:\/\/www.gringo-logbuch.de\/index.php?rest_route=\/wp\/v2\/users\/1"}],"replies":[{"embeddable":true,"href":"https:\/\/www.gringo-logbuch.de\/index.php?rest_route=%2Fwp%2Fv2%2Fcomments&post=412"}],"version-history":[{"count":21,"href":"https:\/\/www.gringo-logbuch.de\/index.php?rest_route=\/wp\/v2\/posts\/412\/revisions"}],"predecessor-version":[{"id":5456,"href":"https:\/\/www.gringo-logbuch.de\/index.php?rest_route=\/wp\/v2\/posts\/412\/revisions\/5456"}],"wp:attachment":[{"href":"https:\/\/www.gringo-logbuch.de\/index.php?rest_route=%2Fwp%2Fv2%2Fmedia&parent=412"}],"wp:term":[{"taxonomy":"category","embeddable":true,"href":"https:\/\/www.gringo-logbuch.de\/index.php?rest_route=%2Fwp%2Fv2%2Fcategories&post=412"},{"taxonomy":"post_tag","embeddable":true,"href":"https:\/\/www.gringo-logbuch.de\/index.php?rest_route=%2Fwp%2Fv2%2Ftags&post=412"}],"curies":[{"name":"wp","href":"https:\/\/api.w.org\/{rel}","templated":true}]}}