{"id":4452,"date":"2015-10-12T10:00:48","date_gmt":"2015-10-12T08:00:48","guid":{"rendered":"http:\/\/www.gringo-logbuch.de\/?p=4452"},"modified":"2018-05-03T13:26:33","modified_gmt":"2018-05-03T11:26:33","slug":"sommer-im-herbst","status":"publish","type":"post","link":"https:\/\/www.gringo-logbuch.de\/?p=4452","title":{"rendered":"Sommer im Herbst"},"content":{"rendered":"\n\t\t<style type=\"text\/css\">\n\t\t\t#gallery-1 {\n\t\t\t\tmargin: auto;\n\t\t\t}\n\t\t\t#gallery-1 .gallery-item {\n\t\t\t\tfloat: left;\n\t\t\t\tmargin-top: 10px;\n\t\t\t\ttext-align: center;\n\t\t\t\twidth: 25%;\n\t\t\t}\n\t\t\t#gallery-1 img {\n\t\t\t\tborder: 2px solid #cfcfcf;\n\t\t\t}\n\t\t\t#gallery-1 .gallery-caption {\n\t\t\t\tmargin-left: 0;\n\t\t\t}\n\t\t\t\/* see gallery_shortcode() in wp-includes\/media.php *\/\n\t\t<\/style>\n\t\t<div id='gallery-1' class='gallery galleryid-4452 gallery-columns-4 gallery-size-thumbnail'><dl class='gallery-item'>\n\t\t\t<dt class='gallery-icon landscape'>\n\t\t\t\t<a href='https:\/\/www.gringo-logbuch.de\/?attachment_id=4454'><img loading=\"lazy\" decoding=\"async\" width=\"150\" height=\"150\" src=\"https:\/\/www.gringo-logbuch.de\/wp-content\/uploads\/2015\/10\/sommer_comixart_1-150x150.jpg\" class=\"attachment-thumbnail size-thumbnail\" alt=\"\" aria-describedby=\"gallery-1-4454\" \/><\/a>\n\t\t\t<\/dt>\n\t\t\t\t<dd class='wp-caption-text gallery-caption' id='gallery-1-4454'>\n\t\t\t\tSommer-Siegerpose\n\t\t\t\t<\/dd><\/dl><dl class='gallery-item'>\n\t\t\t<dt class='gallery-icon landscape'>\n\t\t\t\t<a href='https:\/\/www.gringo-logbuch.de\/?attachment_id=4455'><img loading=\"lazy\" decoding=\"async\" width=\"150\" height=\"150\" src=\"https:\/\/www.gringo-logbuch.de\/wp-content\/uploads\/2015\/10\/sommer_comixart_2-150x150.jpg\" class=\"attachment-thumbnail size-thumbnail\" alt=\"\" aria-describedby=\"gallery-1-4455\" \/><\/a>\n\t\t\t<\/dt>\n\t\t\t\t<dd class='wp-caption-text gallery-caption' id='gallery-1-4455'>\n\t\t\t\tAndrang\n\t\t\t\t<\/dd><\/dl><dl class='gallery-item'>\n\t\t\t<dt class='gallery-icon landscape'>\n\t\t\t\t<a href='https:\/\/www.gringo-logbuch.de\/?attachment_id=4456'><img loading=\"lazy\" decoding=\"async\" width=\"150\" height=\"150\" src=\"https:\/\/www.gringo-logbuch.de\/wp-content\/uploads\/2015\/10\/sommer_comixart_3-150x150.jpg\" class=\"attachment-thumbnail size-thumbnail\" alt=\"\" aria-describedby=\"gallery-1-4456\" \/><\/a>\n\t\t\t<\/dt>\n\t\t\t\t<dd class='wp-caption-text gallery-caption' id='gallery-1-4456'>\n\t\t\t\tSommer-Superhelden\n\t\t\t\t<\/dd><\/dl><dl class='gallery-item'>\n\t\t\t<dt class='gallery-icon landscape'>\n\t\t\t\t<a href='https:\/\/www.gringo-logbuch.de\/?attachment_id=4457'><img loading=\"lazy\" decoding=\"async\" width=\"150\" height=\"150\" src=\"https:\/\/www.gringo-logbuch.de\/wp-content\/uploads\/2015\/10\/sommer_comixart_4-150x150.jpg\" class=\"attachment-thumbnail size-thumbnail\" alt=\"\" aria-describedby=\"gallery-1-4457\" \/><\/a>\n\t\t\t<\/dt>\n\t\t\t\t<dd class='wp-caption-text gallery-caption' id='gallery-1-4457'>\n\t\t\t\tSommer zeichnet\n\t\t\t\t<\/dd><\/dl><br style=\"clear: both\" \/>\n\t\t<\/div>\n\n<p>Der Sommer wagte sich trotz herbstlicher K\u00e4lte am vergangenen Samstag aus seiner Kreativh\u00f6hle heraus, um f\u00fcr den Comicladen <em>Comixart<\/em> unter freiem Himmel zu signieren. Anlass war der 21. Geburtstag des Bamberger Comicladens und &#8211; praktischerweise &#8211; das Erscheinen von Sebastian Sommers neuem Comic BATTLECARRIER YUMA 5. Der wird demn\u00e4chst im Handel erh\u00e4ltlich sein, und Sebastian hatte schon ein paar Vorabexemplare dabei. Die meisten Sommerfans scheinen jedoch lichtscheue Gestalten zu sein und ihre Behausungen erst zu verlassen, wenn es dunkel wird, weswegen er erstmal dutzende Minions und Superhelden f\u00fcr die zahlreichen j\u00fcngeren G\u00e4ste der Veranstaltung zeichnen musste. Trotz allem ein gro\u00dfer Spa\u00df, und Sebastian hatte bald so viel zu tun, dass er komplett verga\u00df zu frieren. Sp\u00e4ter gelang es ihm auch noch ein paar YUMA 5 B\u00fccher an den Mann bzw. die Frau zubringen. Unter den signierten Comics war sogar auch eines der letzten Exemplare von AHAB 41.000, das ein treuer Leser auf den letzten Dr\u00fccker im Internet erstanden hatte&#8230;<\/p>\n","protected":false},"excerpt":{"rendered":"<p>Der Sommer wagte sich trotz herbstlicher K\u00e4lte am vergangenen Samstag aus seiner Kreativh\u00f6hle heraus, um f\u00fcr den Comicladen Comixart unter freiem Himmel zu signieren. Anlass war der 21. Geburtstag des Bamberger Comicladens und &#8211; praktischerweise &#8211; das Erscheinen von Sebastian &hellip; <a href=\"https:\/\/www.gringo-logbuch.de\/?p=4452\">Weiterlesen <span class=\"meta-nav\">&rarr;<\/span><\/a><\/p>\n","protected":false},"author":1,"featured_media":0,"comment_status":"closed","ping_status":"closed","sticky":false,"template":"","format":"standard","meta":{"footnotes":""},"categories":[61],"tags":[50],"class_list":["post-4452","post","type-post","status-publish","format-standard","hentry","category-signierstunde","tag-sommer"],"_links":{"self":[{"href":"https:\/\/www.gringo-logbuch.de\/index.php?rest_route=\/wp\/v2\/posts\/4452","targetHints":{"allow":["GET"]}}],"collection":[{"href":"https:\/\/www.gringo-logbuch.de\/index.php?rest_route=\/wp\/v2\/posts"}],"about":[{"href":"https:\/\/www.gringo-logbuch.de\/index.php?rest_route=\/wp\/v2\/types\/post"}],"author":[{"embeddable":true,"href":"https:\/\/www.gringo-logbuch.de\/index.php?rest_route=\/wp\/v2\/users\/1"}],"replies":[{"embeddable":true,"href":"https:\/\/www.gringo-logbuch.de\/index.php?rest_route=%2Fwp%2Fv2%2Fcomments&post=4452"}],"version-history":[{"count":7,"href":"https:\/\/www.gringo-logbuch.de\/index.php?rest_route=\/wp\/v2\/posts\/4452\/revisions"}],"predecessor-version":[{"id":4459,"href":"https:\/\/www.gringo-logbuch.de\/index.php?rest_route=\/wp\/v2\/posts\/4452\/revisions\/4459"}],"wp:attachment":[{"href":"https:\/\/www.gringo-logbuch.de\/index.php?rest_route=%2Fwp%2Fv2%2Fmedia&parent=4452"}],"wp:term":[{"taxonomy":"category","embeddable":true,"href":"https:\/\/www.gringo-logbuch.de\/index.php?rest_route=%2Fwp%2Fv2%2Fcategories&post=4452"},{"taxonomy":"post_tag","embeddable":true,"href":"https:\/\/www.gringo-logbuch.de\/index.php?rest_route=%2Fwp%2Fv2%2Ftags&post=4452"}],"curies":[{"name":"wp","href":"https:\/\/api.w.org\/{rel}","templated":true}]}}