{"id":6174,"date":"2017-05-31T11:16:39","date_gmt":"2017-05-31T09:16:39","guid":{"rendered":"http:\/\/www.gringo-logbuch.de\/?p=6174"},"modified":"2018-05-03T13:23:08","modified_gmt":"2018-05-03T11:23:08","slug":"sommer-in-muenchen","status":"publish","type":"post","link":"https:\/\/www.gringo-logbuch.de\/?p=6174","title":{"rendered":"Sommer in M\u00fcnchen"},"content":{"rendered":"<p><a href=\"http:\/\/www.gringo-logbuch.de\/wp-content\/uploads\/2017\/06\/sommer_comic_fest_muenchen_2017.jpg\"><img loading=\"lazy\" decoding=\"async\" class=\"aligncenter size-full wp-image-6175\" src=\"http:\/\/www.gringo-logbuch.de\/wp-content\/uploads\/2017\/06\/sommer_comic_fest_muenchen_2017.jpg\" alt=\"\" width=\"1500\" height=\"1000\" srcset=\"https:\/\/www.gringo-logbuch.de\/wp-content\/uploads\/2017\/06\/sommer_comic_fest_muenchen_2017.jpg 1500w, https:\/\/www.gringo-logbuch.de\/wp-content\/uploads\/2017\/06\/sommer_comic_fest_muenchen_2017-300x200.jpg 300w, https:\/\/www.gringo-logbuch.de\/wp-content\/uploads\/2017\/06\/sommer_comic_fest_muenchen_2017-768x512.jpg 768w, https:\/\/www.gringo-logbuch.de\/wp-content\/uploads\/2017\/06\/sommer_comic_fest_muenchen_2017-1024x683.jpg 1024w, https:\/\/www.gringo-logbuch.de\/wp-content\/uploads\/2017\/06\/sommer_comic_fest_muenchen_2017-450x300.jpg 450w\" sizes=\"auto, (max-width: 1500px) 100vw, 1500px\" \/><\/a><\/p>\n<p>Das <em>Comicfestival M\u00fcnchen<\/em> ist vor\u00fcber, und wir daheimgebliebenen Gringos wollten nat\u00fcrlich wissen, wie&#8217;s war. Unser Kollege Sebastian Sommer lieferte\u00a0uns daraufhin einen Bericht, der so gigantisch, so lebendig und lustig war, dass noch tagelang in der Gringo-Verlagszentrale Gel\u00e4chter durch die G\u00e4nge hallte. Diesen Sommer-Bericht k\u00f6nnen wir euch nicht vorenthalten und ver\u00f6ffentlichen ihn hier ungek\u00fcrzt, in all seiner unb\u00e4ndigen Unbek\u00fcmmertheit und ausufernden Ausf\u00fchrlichkeit:<\/p>\n<p><em>&#8222;Titel dieses Messebesuchs k\u00f6nnte lauten: &#8222;Trotz totalem Chaos ein spa\u00dfiger Roadtrip&#8220;. Schon auf der Hinfahrt gab&#8217;s Trouble, weil\u00a0der frisch \u00fcberpr\u00fcfte \u00a0(und gewaschene) Dacia auf einer Rastst\u00e4tte hinter Ingolstadt, wo ich eine qualmen wollte, pl\u00f6tzlich selbst zu\u00a0qualmen anfing, aus der Motorhaube! Dies f\u00fchrte zu einer zweist\u00fcndigen Zwangspause im sch\u00f6nen Bayernland und einem Einsatz der &#8222;Gelben Engel&#8220;. Fazit: Durch das Waschen hatte sich ein kleiner See auf einem St\u00fcck Blech gebildet, der sich erhitze, wodurch das Wasser verdampfte!\u00a0Also nochmal Gl\u00fcck gehabt, mittlerweile etwas sp\u00e4t dran, aber gl\u00fccklich! (Nur die Verkehrsf\u00fchrung in M\u00fcnchen ist&#8230; Aaaaargh!)<\/em><\/p>\n<p><em>Aber es kommt noch besser: Auf der Messe in der Alten Kongresshalle hatte die Orga vergessen, uns unseren Stand zuzuweisen, was zu einer kleinen Odyssee f\u00fchrte, an deren Ende wir einen Platz in der Garderobe neben sehr netten und staatlich gepr\u00fcften Comiczeichnerinnen aus \u00d6sterreich\u00a0ergattern konnten! (Eine von ihnen zeichnete sogar eine Gast-Illu\u00a0f\u00fcr den Battlecarrier 3 und ziemlich beeindruckende Giger-Aliens! Hi, Isabella!) Als wir unsere Sachen dann endlich aufgebaut hatten, ging ich zum frontalen Gratishefteverteil-Sturmangriff \u00fcber. (Habe in den vier Tagen \u00fcber 450 Trailershows an den Mann bzw. Frau gebracht!)\u00a0Alles super also? Jain. Als wir am n\u00e4chsten Tag frisch geduscht, ausgeruht und voller Tatendrang auf die Messe st\u00fcrmten, trauten wir unseren Augen nicht: Man hatte unseren Stand einem (wenn auch sympathischen) YPS-Zeichner zugeteilt! Wieder heimatlos tingelten wir zur\u00fcck zur Orga, die uns dann aber sofort einen viel sch\u00f6neren und besser platzierten Tisch im Hauptgang &#8222;organisierte&#8220;! Apropos: Ein gro\u00dfes Dankesch\u00f6n an die M\u00e4dels und Jungs des Teams, ihr hattet ganz sch\u00f6n zu k\u00e4mpfen und habt es letztendlich doch gemeistert! Endlich waren wir (d.h. Bastian &#8222;Lapinot&#8220;, Robert &#8222;Groobert&#8220;, Johannes &#8222;Beetlebum&#8220; und ich) angekommen und konnten so richtig loslegen&#8230; Dachten wir jedenfalls: Wahrscheinlich bedingt durch die gleichzeitig stattfindende M\u00fcnchner ComicCon (gegen Ron Perlman stinke selbst ich ab), das geile Wetter und den Herrentag blieben unsere Erwartungen im Hinblick auf Verk\u00e4ufe doch stark zur\u00fcck. Schade, da die famili\u00e4re Atmosph\u00e4re durchaus zu empfehlen ist. Famili\u00e4re Atmosph\u00e4re auf der Messe, wohlgemerkt: Die &#8222;Service&#8220;-Kr\u00e4fte des angegliederten Biergartens zeigten uns dann doch sehr deutlich, dass es au\u00dfer den Oberbayern wohl kein anderes wertes\u00a0Leben auf dem Planeten gibt.\u00a0Ich sag&#8216; nur: &#8222;A Fleischk\u00fcchla und a Seidla Bier?! Jo, leckmiamorsch, wos wuilst dua?! D\u00e4s hoast Fleischpflanzerl und a Hoibbe, hoast mi?!&#8220; Aber der &#8222;Kaffeemann&#8220; auf der Messe, der war Spitze! (Du warst mein Lebensretter, danke Mann!)<\/em><\/p>\n<p><em>Also was bleibt von den vier Tagen Comicfestival in M\u00fcnchen?\u00a0Coole neue Leute und alte Bekannte getroffen, inklusive zwei meiner Helden von der &#8222;Gamestar&#8220; (Hi, Dimmi! Hi, Ann-Kathrin!) und dem unvergleichlichen Andre Peschke vom Podcast &#8222;Auf ein Bier&#8220;. Heftla en masse verteilt und damit hoffentlich die Reichweite erh\u00f6ht.\u00a0Zwei neue Gast-Pin-Ups\u00a0f\u00fcr\u00a0Yuma 5\u00a0(Hi, Jasmin!). Einen Haufen Live-Zeichnungen an den Mann gebracht! Ein paar B\u00fcchlein vertickt! Der kompletten Damenwelt der\u00a0Orga die T-Shirts signiert (Hihihi, dabei bin ich doch eigentlich sch\u00fcchtern!). Tolle Gespr\u00e4che gef\u00fchrt und sich mal wieder als echter Vollzeitk\u00fcnstler gef\u00fchlt. Abstand von der Realit\u00e4t gekriegt!\u00a0Res\u00fcmee: Vielleicht nicht die finanziell erfolgreichste Messe, aber trotzdem ein cooler Spa\u00df und ein Abenteuer!\u00a0Ich bin ein bisschen\u00a0<\/em>zwie\u00adge\u00adspal\u00adten<em>, aber dennoch: &#8222;I&#8217;ll be back!&#8220;<\/em><\/p>\n<p><a href=\"http:\/\/www.gringo-logbuch.de\/wp-content\/uploads\/2017\/06\/lobo_sommer.gif\"><img loading=\"lazy\" decoding=\"async\" class=\"aligncenter size-full wp-image-6176\" src=\"http:\/\/www.gringo-logbuch.de\/wp-content\/uploads\/2017\/06\/lobo_sommer.gif\" alt=\"\" width=\"1000\" height=\"700\" \/><\/a><\/p>\n","protected":false},"excerpt":{"rendered":"<p>Das Comicfestival M\u00fcnchen ist vor\u00fcber, und wir daheimgebliebenen Gringos wollten nat\u00fcrlich wissen, wie&#8217;s war. Unser Kollege Sebastian Sommer lieferte\u00a0uns daraufhin einen Bericht, der so gigantisch, so lebendig und lustig war, dass noch tagelang in der Gringo-Verlagszentrale Gel\u00e4chter durch die G\u00e4nge &hellip; <a href=\"https:\/\/www.gringo-logbuch.de\/?p=6174\">Weiterlesen <span class=\"meta-nav\">&rarr;<\/span><\/a><\/p>\n","protected":false},"author":1,"featured_media":0,"comment_status":"closed","ping_status":"closed","sticky":false,"template":"","format":"standard","meta":{"footnotes":""},"categories":[73],"tags":[50],"class_list":["post-6174","post","type-post","status-publish","format-standard","hentry","category-ruckblick","tag-sommer"],"_links":{"self":[{"href":"https:\/\/www.gringo-logbuch.de\/index.php?rest_route=\/wp\/v2\/posts\/6174","targetHints":{"allow":["GET"]}}],"collection":[{"href":"https:\/\/www.gringo-logbuch.de\/index.php?rest_route=\/wp\/v2\/posts"}],"about":[{"href":"https:\/\/www.gringo-logbuch.de\/index.php?rest_route=\/wp\/v2\/types\/post"}],"author":[{"embeddable":true,"href":"https:\/\/www.gringo-logbuch.de\/index.php?rest_route=\/wp\/v2\/users\/1"}],"replies":[{"embeddable":true,"href":"https:\/\/www.gringo-logbuch.de\/index.php?rest_route=%2Fwp%2Fv2%2Fcomments&post=6174"}],"version-history":[{"count":6,"href":"https:\/\/www.gringo-logbuch.de\/index.php?rest_route=\/wp\/v2\/posts\/6174\/revisions"}],"predecessor-version":[{"id":6182,"href":"https:\/\/www.gringo-logbuch.de\/index.php?rest_route=\/wp\/v2\/posts\/6174\/revisions\/6182"}],"wp:attachment":[{"href":"https:\/\/www.gringo-logbuch.de\/index.php?rest_route=%2Fwp%2Fv2%2Fmedia&parent=6174"}],"wp:term":[{"taxonomy":"category","embeddable":true,"href":"https:\/\/www.gringo-logbuch.de\/index.php?rest_route=%2Fwp%2Fv2%2Fcategories&post=6174"},{"taxonomy":"post_tag","embeddable":true,"href":"https:\/\/www.gringo-logbuch.de\/index.php?rest_route=%2Fwp%2Fv2%2Ftags&post=6174"}],"curies":[{"name":"wp","href":"https:\/\/api.w.org\/{rel}","templated":true}]}}